{"id":925,"date":"2023-11-23T13:25:28","date_gmt":"2023-11-23T16:25:28","guid":{"rendered":"https:\/\/sabuguinho.com.br\/site\/?p=925"},"modified":"2023-11-23T13:25:28","modified_gmt":"2023-11-23T16:25:28","slug":"republicas-da-deputada-federal-simone-marquetto-e-aprovado-na-comissao-de-relacoes-exteriores-e-de-defesa-nacional-em-brasilia","status":"publish","type":"post","link":"https:\/\/sabuguinho.com.br\/site\/republicas-da-deputada-federal-simone-marquetto-e-aprovado-na-comissao-de-relacoes-exteriores-e-de-defesa-nacional-em-brasilia\/","title":{"rendered":"\u201cRep\u00fablicas\u201d da deputada federal Simone Marquetto \u00e9 aprovado na Comiss\u00e3o de Rela\u00e7\u00f5es Exteriores e de Defesa Nacional em Bras\u00edlia"},"content":{"rendered":"<p>Quando a deputada federal Simone Marquetto (MDB-SP) aceitou o desafio de ser parlamentar, chegou com a miss\u00e3o de trabalhar para as Rep\u00fablicas serem realidade em todo o Brasil.<br \/>\n\u201cEstou muito feliz que nesta quarta-feira, dia 22, aprovamos o projeto na Comiss\u00e3o de Rela\u00e7\u00f5es Exteriores e de Defesa Nacional na C\u00e2mara dos Deputados. Seguimos trabalhando pelo projeto. Agrade\u00e7o imensamente ao deputado federal Pazuello, relator do projeto na Comiss\u00e3o, pela parceria. Faremos uma entrega muito importante ao pa\u00eds\u201d, destacou a deputada Simone Marquetto.<br \/>\nO projeto Rep\u00fablicas, de autoria da deputada federal Simone Marquetto (MDB-SP) cria acolhimento em rep\u00fablicas, em n\u00famero m\u00ednimo destinado a \u00f3rf\u00e3os maiores de 18 anos em situa\u00e7\u00e3o de vulnerabilidade social.  A parlamentar conhece de perto as dificuldades que esses jovens enfrentam ao atingir a idade adulta, na condi\u00e7\u00e3o de egressos de institui\u00e7\u00f5es de acolhimento, anteriormente conhecidas como orfanatos ou abrigos de menores.<br \/>\n\u201cA inspira\u00e7\u00e3o vem do programa Rep\u00fablica, bem-sucedido que criei como prefeita em Itapetininga, no interior de S\u00e3o Paulo. Uma masculina e outra feminina. As duas com suporte e coordena\u00e7\u00e3o t\u00e9cnica de psic\u00f3logos e assistentes sociais, em parceria com o Minist\u00e9rio P\u00fablico do Trabalho e atua\u00e7\u00e3o transversal entre poder p\u00fablico, iniciativa privada e sociedade civil. Para esses jovens, mais qualidade de vida, qualifica\u00e7\u00e3o e dignidade. Itapetininga ser\u00e1 modelo para o Brasil\u201d, concluiu a parlamentar.<\/p>\n","protected":false},"excerpt":{"rendered":"<p>Quando a deputada federal Simone Marquetto (MDB-SP) aceitou o desafio de ser parlamentar, chegou com a miss\u00e3o de trabalhar para as Rep\u00fablicas serem realidade em todo o Brasil. \u201cEstou muito feliz que nesta quarta-feira, dia 22, aprovamos o projeto na Comiss\u00e3o de Rela\u00e7\u00f5es Exteriores e de Defesa Nacional na C\u00e2mara dos Deputados. Seguimos trabalhando pelo [&hellip;]<\/p>\n","protected":false},"author":2,"featured_media":926,"comment_status":"open","ping_status":"open","sticky":false,"template":"","format":"standard","meta":{"footnotes":""},"categories":[51],"tags":[],"class_list":["post-925","post","type-post","status-publish","format-standard","has-post-thumbnail","hentry","category-noticias-regionais"],"_links":{"self":[{"href":"https:\/\/sabuguinho.com.br\/site\/wp-json\/wp\/v2\/posts\/925","targetHints":{"allow":["GET"]}}],"collection":[{"href":"https:\/\/sabuguinho.com.br\/site\/wp-json\/wp\/v2\/posts"}],"about":[{"href":"https:\/\/sabuguinho.com.br\/site\/wp-json\/wp\/v2\/types\/post"}],"author":[{"embeddable":true,"href":"https:\/\/sabuguinho.com.br\/site\/wp-json\/wp\/v2\/users\/2"}],"replies":[{"embeddable":true,"href":"https:\/\/sabuguinho.com.br\/site\/wp-json\/wp\/v2\/comments?post=925"}],"version-history":[{"count":1,"href":"https:\/\/sabuguinho.com.br\/site\/wp-json\/wp\/v2\/posts\/925\/revisions"}],"predecessor-version":[{"id":927,"href":"https:\/\/sabuguinho.com.br\/site\/wp-json\/wp\/v2\/posts\/925\/revisions\/927"}],"wp:featuredmedia":[{"embeddable":true,"href":"https:\/\/sabuguinho.com.br\/site\/wp-json\/wp\/v2\/media\/926"}],"wp:attachment":[{"href":"https:\/\/sabuguinho.com.br\/site\/wp-json\/wp\/v2\/media?parent=925"}],"wp:term":[{"taxonomy":"category","embeddable":true,"href":"https:\/\/sabuguinho.com.br\/site\/wp-json\/wp\/v2\/categories?post=925"},{"taxonomy":"post_tag","embeddable":true,"href":"https:\/\/sabuguinho.com.br\/site\/wp-json\/wp\/v2\/tags?post=925"}],"curies":[{"name":"wp","href":"https:\/\/api.w.org\/{rel}","templated":true}]}}