{"id":877,"date":"2023-11-21T16:16:03","date_gmt":"2023-11-21T19:16:03","guid":{"rendered":"https:\/\/sabuguinho.com.br\/site\/?p=877"},"modified":"2023-11-21T16:16:03","modified_gmt":"2023-11-21T19:16:03","slug":"deputada-federal-simone-marquetto-participa-do-relancamento-do-programa-capacidades-em-brasilia","status":"publish","type":"post","link":"https:\/\/sabuguinho.com.br\/site\/deputada-federal-simone-marquetto-participa-do-relancamento-do-programa-capacidades-em-brasilia\/","title":{"rendered":"Deputada federal Simone Marquetto participa do relan\u00e7amento do programa Capacidades em Bras\u00edlia"},"content":{"rendered":"<p>\u201cNosso trabalho aqui em Bras\u00edlia, al\u00e9m de legislar, \u00e9 cuidar para as pol\u00edticas chegarem com efici\u00eancia at\u00e9 os munic\u00edpios\u201d, disse a deputada federal Simone Marquetto (MDB-SP), destacou a parlamentar nesta ter\u00e7a-feira, dia 21, no Audit\u00f3rio do edif\u00edcio Celso Furtado, na Asa Norte.<br \/>\nSimone Marquetto prestigiou o relan\u00e7amento do programa \u201cCapacidades\u201d, uma a\u00e7\u00e3o do Minist\u00e9rio das Cidades, para capacitar os munic\u00edpios a estarem aptos para participar das a\u00e7\u00f5es do Minist\u00e9rio, garantindo assim que programas como o \u201cMinha Casa, Minha Vida\u201d, que a deputada federal est\u00e1 trabalhando com o Ministro Jader Filho, sejam acessados nos quatro cantos do Brasil.<br \/>\nAl\u00e9m dos t\u00e9cnicos dos munic\u00edpios, a popula\u00e7\u00e3o tamb\u00e9m pode participar dos cursos. Basta acessar o site:<br \/>\nhttps:\/\/www.escolavirtual.gov.br\/<br \/>\nO novo Capacidades, reformulado a partir da recria\u00e7\u00e3o do Minist\u00e9rio das Cidades em 2023, se prop\u00f5e a repensar as cidades de modo integrado, visando \u00e0 resili\u00eancia e \u00e0 sustentabilidade por interm\u00e9dio de a\u00e7\u00f5es e intera\u00e7\u00f5es inteligentes, com parcerias e di\u00e1logos com todas as inst\u00e2ncias de atua\u00e7\u00e3o no ambiente urbano.<br \/>\n\u201cQuero parabenizar o Ministro das Cidades, Jader Filho, por todo o empenho na elabora\u00e7\u00e3o de pol\u00edticas para o desenvolvimento dos munic\u00edpios. S\u00e3o nas cidades que o Brasil acontece\u201d, concluiu a deputada federal Simone Marquetto.<\/p>\n","protected":false},"excerpt":{"rendered":"<p>\u201cNosso trabalho aqui em Bras\u00edlia, al\u00e9m de legislar, \u00e9 cuidar para as pol\u00edticas chegarem com efici\u00eancia at\u00e9 os munic\u00edpios\u201d, disse a deputada federal Simone Marquetto (MDB-SP), destacou a parlamentar nesta ter\u00e7a-feira, dia 21, no Audit\u00f3rio do edif\u00edcio Celso Furtado, na Asa Norte. Simone Marquetto prestigiou o relan\u00e7amento do programa \u201cCapacidades\u201d, uma a\u00e7\u00e3o do Minist\u00e9rio das [&hellip;]<\/p>\n","protected":false},"author":2,"featured_media":878,"comment_status":"open","ping_status":"open","sticky":false,"template":"","format":"standard","meta":{"footnotes":""},"categories":[51],"tags":[],"class_list":["post-877","post","type-post","status-publish","format-standard","has-post-thumbnail","hentry","category-noticias-regionais"],"_links":{"self":[{"href":"https:\/\/sabuguinho.com.br\/site\/wp-json\/wp\/v2\/posts\/877","targetHints":{"allow":["GET"]}}],"collection":[{"href":"https:\/\/sabuguinho.com.br\/site\/wp-json\/wp\/v2\/posts"}],"about":[{"href":"https:\/\/sabuguinho.com.br\/site\/wp-json\/wp\/v2\/types\/post"}],"author":[{"embeddable":true,"href":"https:\/\/sabuguinho.com.br\/site\/wp-json\/wp\/v2\/users\/2"}],"replies":[{"embeddable":true,"href":"https:\/\/sabuguinho.com.br\/site\/wp-json\/wp\/v2\/comments?post=877"}],"version-history":[{"count":1,"href":"https:\/\/sabuguinho.com.br\/site\/wp-json\/wp\/v2\/posts\/877\/revisions"}],"predecessor-version":[{"id":879,"href":"https:\/\/sabuguinho.com.br\/site\/wp-json\/wp\/v2\/posts\/877\/revisions\/879"}],"wp:featuredmedia":[{"embeddable":true,"href":"https:\/\/sabuguinho.com.br\/site\/wp-json\/wp\/v2\/media\/878"}],"wp:attachment":[{"href":"https:\/\/sabuguinho.com.br\/site\/wp-json\/wp\/v2\/media?parent=877"}],"wp:term":[{"taxonomy":"category","embeddable":true,"href":"https:\/\/sabuguinho.com.br\/site\/wp-json\/wp\/v2\/categories?post=877"},{"taxonomy":"post_tag","embeddable":true,"href":"https:\/\/sabuguinho.com.br\/site\/wp-json\/wp\/v2\/tags?post=877"}],"curies":[{"name":"wp","href":"https:\/\/api.w.org\/{rel}","templated":true}]}}