{"id":867,"date":"2023-11-21T10:54:44","date_gmt":"2023-11-21T13:54:44","guid":{"rendered":"https:\/\/sabuguinho.com.br\/site\/?p=867"},"modified":"2023-11-21T10:54:44","modified_gmt":"2023-11-21T13:54:44","slug":"rebeca-abravanel-e-alexandre-pato-fazem-cha-de-bebe-luxuoso","status":"publish","type":"post","link":"https:\/\/sabuguinho.com.br\/site\/rebeca-abravanel-e-alexandre-pato-fazem-cha-de-bebe-luxuoso\/","title":{"rendered":"Rebeca Abravanel e Alexandre Pato fazem ch\u00e1 de beb\u00ea luxuoso"},"content":{"rendered":"<p>\u201cMeu amor e admira\u00e7\u00e3o por voc\u00ea crescem a cada dia. Te amo\u201d, se declarou a filha de Silvio Santos ao marido<\/p>\n<p>Por Nah Matias<\/p>\n<p>Rebeca Abravanei de 42 anos, e Alexandre Pato, de 34, fizeram um ch\u00e1 de beb\u00ea luxuoso nesta segunda-feira (20). A apresentadora, que espera primeiro filho, compartilhou uma foto de um momento da comemora\u00e7\u00e3o ao lado do jogador de futebol, e os detalhes da decora\u00e7\u00e3o chamaram a aten\u00e7\u00e3o.<br \/>\nCom ursinhos de pel\u00facia por todos os lados, dois bolos, sendo um deles de tr\u00eas andares, e at\u00e9 letreiro luminoso, o casal optou por uma cor neutra para a decora\u00e7\u00e3o da festinha que aconteceu em mans\u00e3o.<br \/>\n\u201cMeu amor e admira\u00e7\u00e3o por voc\u00ea crescem a cada dia. Te amo\u201d, se declarou a filha de Silvio Santos. \u201cTe amo meu amor! N\u00f3s 3&#8243;, respondeu Pato.<\/p>\n<p>Legenda<br \/>\nRebeca Abravanei e Paro <\/p>\n","protected":false},"excerpt":{"rendered":"<p>\u201cMeu amor e admira\u00e7\u00e3o por voc\u00ea crescem a cada dia. Te amo\u201d, se declarou a filha de Silvio Santos ao marido Por Nah Matias Rebeca Abravanei de 42 anos, e Alexandre Pato, de 34, fizeram um ch\u00e1 de beb\u00ea luxuoso nesta segunda-feira (20). A apresentadora, que espera primeiro filho, compartilhou uma foto de um momento [&hellip;]<\/p>\n","protected":false},"author":2,"featured_media":868,"comment_status":"open","ping_status":"open","sticky":false,"template":"","format":"standard","meta":{"footnotes":""},"categories":[56],"tags":[],"_links":{"self":[{"href":"https:\/\/sabuguinho.com.br\/site\/wp-json\/wp\/v2\/posts\/867"}],"collection":[{"href":"https:\/\/sabuguinho.com.br\/site\/wp-json\/wp\/v2\/posts"}],"about":[{"href":"https:\/\/sabuguinho.com.br\/site\/wp-json\/wp\/v2\/types\/post"}],"author":[{"embeddable":true,"href":"https:\/\/sabuguinho.com.br\/site\/wp-json\/wp\/v2\/users\/2"}],"replies":[{"embeddable":true,"href":"https:\/\/sabuguinho.com.br\/site\/wp-json\/wp\/v2\/comments?post=867"}],"version-history":[{"count":1,"href":"https:\/\/sabuguinho.com.br\/site\/wp-json\/wp\/v2\/posts\/867\/revisions"}],"predecessor-version":[{"id":869,"href":"https:\/\/sabuguinho.com.br\/site\/wp-json\/wp\/v2\/posts\/867\/revisions\/869"}],"wp:featuredmedia":[{"embeddable":true,"href":"https:\/\/sabuguinho.com.br\/site\/wp-json\/wp\/v2\/media\/868"}],"wp:attachment":[{"href":"https:\/\/sabuguinho.com.br\/site\/wp-json\/wp\/v2\/media?parent=867"}],"wp:term":[{"taxonomy":"category","embeddable":true,"href":"https:\/\/sabuguinho.com.br\/site\/wp-json\/wp\/v2\/categories?post=867"},{"taxonomy":"post_tag","embeddable":true,"href":"https:\/\/sabuguinho.com.br\/site\/wp-json\/wp\/v2\/tags?post=867"}],"curies":[{"name":"wp","href":"https:\/\/api.w.org\/{rel}","templated":true}]}}