{"id":862,"date":"2023-11-21T05:02:50","date_gmt":"2023-11-21T08:02:50","guid":{"rendered":"https:\/\/sabuguinho.com.br\/site\/?p=862"},"modified":"2023-11-21T05:02:51","modified_gmt":"2023-11-21T08:02:51","slug":"diniz-define-brasil-para-enfrentar-argentina-com-trocas-na-lateral-e-no-ataque","status":"publish","type":"post","link":"https:\/\/sabuguinho.com.br\/site\/diniz-define-brasil-para-enfrentar-argentina-com-trocas-na-lateral-e-no-ataque\/","title":{"rendered":"Diniz define Brasil para enfrentar Argentina com trocas na lateral e no ataque"},"content":{"rendered":"<p>: Fonte: G1<\/p>\n<p>A sele\u00e7\u00e3o brasileira est\u00e1 definida para enfrentar a Argentina, em cl\u00e1ssico nesta ter\u00e7a-feira, \u00e0s 21h30 (de Bras\u00edlia), no Maracan\u00e3, pela sexta rodada das Eliminat\u00f3rias para a Copa de 2026.<br \/>\nNo \u00faltimo treino antes da partida, nesta segunda-feira, na Granja Comary, o t\u00e9cnico Fernando Diniz confirmou as duas mudan\u00e7as na escala\u00e7\u00e3o que ele vinha esbo\u00e7ando nos \u00faltimos dias: o lateral-esquerdo Carlos Augusto e o atacante Gabriel Jesus entram nas vagas de Renan Lodi e Vini Jr, respectivamente.<br \/>\nO restante do time ser\u00e1 o mesmo que iniciou a partida contra a Col\u00f4mbia, na \u00faltima quinta, quando a Sele\u00e7\u00e3o perdeu por 2 a 1.<br \/>\nAssim, se n\u00e3o tive nenhuma mudan\u00e7a de \u00faltima hora, o Brasil ir\u00e1 a campo com: Alisson, Emerson Royal, Marquinhos, Gabriel Magalh\u00e3es e Carlos Augusto; Andr\u00e9 e Bruno Guimar\u00e3es; Raphinha, Gabriel Jesus, Rodrygo e Gabriel Martinelli.<br \/>\nA forma\u00e7\u00e3o titular tem m\u00e9dia de idade de 25 anos. Alisson, de 31, \u00e9 o mais velho. Andr\u00e9, Gabriel Martinelli e Rodrygo, de 22, s\u00e3o os mais jovens.<br \/>\nNa v\u00e9spera do cl\u00e1ssico, Diniz promoveu um trabalho coletivo em campo reduzido, mas a imprensa teve de se retirar logo ap\u00f3s a entrega dos coletes.<br \/>\nAp\u00f3s a atividade, a Sele\u00e7\u00e3o deixa Teres\u00f3polis rumo \u00e0 cidade do Rio de Janeiro, onde fica concentrada para a partida.<br \/>\nO Brasil \u00e9 o quinto colocado nas Eliminat\u00f3rias, com sete pontos. J\u00e1 a Argentina lidera, com 12.<\/p>\n<p>Legenda.<br \/>\nFernando Diniz orientando a sele\u00e7\u00e3o brasileira em treino (Foto: Joilson Marconne \/ CBF)<\/p>\n","protected":false},"excerpt":{"rendered":"<p>: Fonte: G1 A sele\u00e7\u00e3o brasileira est\u00e1 definida para enfrentar a Argentina, em cl\u00e1ssico nesta ter\u00e7a-feira, \u00e0s 21h30 (de Bras\u00edlia), no Maracan\u00e3, pela sexta rodada das Eliminat\u00f3rias para a Copa de 2026. No \u00faltimo treino antes da partida, nesta segunda-feira, na Granja Comary, o t\u00e9cnico Fernando Diniz confirmou as duas mudan\u00e7as na escala\u00e7\u00e3o que ele [&hellip;]<\/p>\n","protected":false},"author":2,"featured_media":863,"comment_status":"open","ping_status":"open","sticky":false,"template":"","format":"standard","meta":{"footnotes":""},"categories":[45],"tags":[],"_links":{"self":[{"href":"https:\/\/sabuguinho.com.br\/site\/wp-json\/wp\/v2\/posts\/862"}],"collection":[{"href":"https:\/\/sabuguinho.com.br\/site\/wp-json\/wp\/v2\/posts"}],"about":[{"href":"https:\/\/sabuguinho.com.br\/site\/wp-json\/wp\/v2\/types\/post"}],"author":[{"embeddable":true,"href":"https:\/\/sabuguinho.com.br\/site\/wp-json\/wp\/v2\/users\/2"}],"replies":[{"embeddable":true,"href":"https:\/\/sabuguinho.com.br\/site\/wp-json\/wp\/v2\/comments?post=862"}],"version-history":[{"count":1,"href":"https:\/\/sabuguinho.com.br\/site\/wp-json\/wp\/v2\/posts\/862\/revisions"}],"predecessor-version":[{"id":864,"href":"https:\/\/sabuguinho.com.br\/site\/wp-json\/wp\/v2\/posts\/862\/revisions\/864"}],"wp:featuredmedia":[{"embeddable":true,"href":"https:\/\/sabuguinho.com.br\/site\/wp-json\/wp\/v2\/media\/863"}],"wp:attachment":[{"href":"https:\/\/sabuguinho.com.br\/site\/wp-json\/wp\/v2\/media?parent=862"}],"wp:term":[{"taxonomy":"category","embeddable":true,"href":"https:\/\/sabuguinho.com.br\/site\/wp-json\/wp\/v2\/categories?post=862"},{"taxonomy":"post_tag","embeddable":true,"href":"https:\/\/sabuguinho.com.br\/site\/wp-json\/wp\/v2\/tags?post=862"}],"curies":[{"name":"wp","href":"https:\/\/api.w.org\/{rel}","templated":true}]}}