{"id":836,"date":"2023-11-19T15:29:09","date_gmt":"2023-11-19T18:29:09","guid":{"rendered":"https:\/\/sabuguinho.com.br\/site\/?p=836"},"modified":"2023-11-19T15:29:09","modified_gmt":"2023-11-19T18:29:09","slug":"avare-igreja-de-nossa-senhora-de-fatima-realiza-o-sonho-de-13-casais-em-casamento-comunitario-em-avare","status":"publish","type":"post","link":"https:\/\/sabuguinho.com.br\/site\/avare-igreja-de-nossa-senhora-de-fatima-realiza-o-sonho-de-13-casais-em-casamento-comunitario-em-avare\/","title":{"rendered":"Avar\u00e9 &#8211; IGREJA DE NOSSA SENHORA DE F\u00c1TIMA REALIZA O SONHO DE 13 CASAIS EM CASAMENTO COMUNIT\u00c1RIO EM AVAR\u00c9"},"content":{"rendered":"<p>Treze casais de Avar\u00e9 falaram o t\u00e3o esperado \u201csim\u201d durante o Casamento Comunit\u00e1rio, promovido pela Igreja Matriz de Nossa Senhora de F\u00e1tima, na Brab\u00e2ncia, na sexta-feira, dia 17 de novembro.<\/p>\n<p>O Casamento Comunit\u00e1rio foi organizado pela Pastoral Familiar da Par\u00f3quia, sem custos para aqueles que receberam a b\u00ean\u00e7\u00e3o. A celebra\u00e7\u00e3o contou com a presen\u00e7a de dezenas de familiares e amigos dos noivos.Treze casais de Avar\u00e9 falaram o t\u00e3o esperado \u201csim\u201d durante o Casamento Comunit\u00e1rio, promovido pela Igreja Matriz de Nossa Senhora de F\u00e1tima, na Brab\u00e2ncia, na sexta-feira, dia 17 de novembro.<br \/>\nO Casamento Comunit\u00e1rio foi organizado pela Pastoral Familiar da Par\u00f3quia, sem custos para aqueles que receberam a b\u00ean\u00e7\u00e3o. A celebra\u00e7\u00e3o contou com a presen\u00e7a de dezenas de familiares e amigos dos noivos.<br \/>\nOs casamentos foram celebrados pelo Padre Ed\u00e9lcio Soares. \u201cO Sacramento do Matrim\u00f4nio \u00e9 uma das grandes obras divinas, que foi criado para o Amor Familiar. A Fam\u00edlia \u00e9 o grande investimento que Deus criou, \u00e9 atrav\u00e9s dela que se educa cidad\u00e3os retos procurando a imita\u00e7\u00e3o de Cristo Jesus\u201d, destacou o p\u00e1roco<br \/>\nO padre fez quest\u00e3o de agradecer a Pastoral Familiar, que organizou o casamento. \u201cAgrade\u00e7o a Pastoral Familiar por todo empenho, dedica\u00e7\u00e3o e prepara\u00e7\u00e3o. A equipe de Ornamenta\u00e7\u00e3o, Aos M\u00fasicos, aos Sacrist\u00e3os, a PASCOM e aos cerimoni\u00e1rios pela uni\u00e3o, trabalho, servi\u00e7o. Todos deram o melhor de si pelo Reino de Deus! Foi uma celebra\u00e7\u00e3o lind\u00edssima<\/p>\n<p><img loading=\"lazy\" decoding=\"async\" src=\"https:\/\/sabuguinho.com.br\/site\/wp-content\/uploads\/2023\/11\/404162550_669037125378792_6933321497828048813_n-768x576-1-150x113.jpg\" alt=\"\" width=\"150\" height=\"113\" class=\"alignnone size-medium wp-image-837\" srcset=\"https:\/\/sabuguinho.com.br\/site\/wp-content\/uploads\/2023\/11\/404162550_669037125378792_6933321497828048813_n-768x576-1-150x113.jpg 150w, https:\/\/sabuguinho.com.br\/site\/wp-content\/uploads\/2023\/11\/404162550_669037125378792_6933321497828048813_n-768x576-1-512x384.jpg 512w, https:\/\/sabuguinho.com.br\/site\/wp-content\/uploads\/2023\/11\/404162550_669037125378792_6933321497828048813_n-768x576-1-750x563.jpg 750w, https:\/\/sabuguinho.com.br\/site\/wp-content\/uploads\/2023\/11\/404162550_669037125378792_6933321497828048813_n-768x576-1.jpg 768w\" sizes=\"(max-width: 150px) 100vw, 150px\" \/><\/p>\n<p><img loading=\"lazy\" decoding=\"async\" src=\"https:\/\/sabuguinho.com.br\/site\/wp-content\/uploads\/2023\/11\/404165005_890607009133564_5034092887892570546_n-768x576-1-150x113.jpg\" alt=\"\" width=\"150\" height=\"113\" class=\"alignnone size-medium wp-image-838\" srcset=\"https:\/\/sabuguinho.com.br\/site\/wp-content\/uploads\/2023\/11\/404165005_890607009133564_5034092887892570546_n-768x576-1-150x113.jpg 150w, https:\/\/sabuguinho.com.br\/site\/wp-content\/uploads\/2023\/11\/404165005_890607009133564_5034092887892570546_n-768x576-1-512x384.jpg 512w, https:\/\/sabuguinho.com.br\/site\/wp-content\/uploads\/2023\/11\/404165005_890607009133564_5034092887892570546_n-768x576-1-750x563.jpg 750w, https:\/\/sabuguinho.com.br\/site\/wp-content\/uploads\/2023\/11\/404165005_890607009133564_5034092887892570546_n-768x576-1.jpg 768w\" sizes=\"(max-width: 150px) 100vw, 150px\" \/><\/p>\n<p><img loading=\"lazy\" decoding=\"async\" src=\"https:\/\/sabuguinho.com.br\/site\/wp-content\/uploads\/2023\/11\/401832812_669037242045447_2500504885893563426_n-768x576-1-150x113.jpg\" alt=\"\" width=\"150\" height=\"113\" class=\"alignnone size-medium wp-image-839\" srcset=\"https:\/\/sabuguinho.com.br\/site\/wp-content\/uploads\/2023\/11\/401832812_669037242045447_2500504885893563426_n-768x576-1-150x113.jpg 150w, https:\/\/sabuguinho.com.br\/site\/wp-content\/uploads\/2023\/11\/401832812_669037242045447_2500504885893563426_n-768x576-1-512x384.jpg 512w, https:\/\/sabuguinho.com.br\/site\/wp-content\/uploads\/2023\/11\/401832812_669037242045447_2500504885893563426_n-768x576-1-750x563.jpg 750w, https:\/\/sabuguinho.com.br\/site\/wp-content\/uploads\/2023\/11\/401832812_669037242045447_2500504885893563426_n-768x576-1.jpg 768w\" sizes=\"(max-width: 150px) 100vw, 150px\" \/><\/p>\n","protected":false},"excerpt":{"rendered":"<p>Treze casais de Avar\u00e9 falaram o t\u00e3o esperado \u201csim\u201d durante o Casamento Comunit\u00e1rio, promovido pela Igreja Matriz de Nossa Senhora de F\u00e1tima, na Brab\u00e2ncia, na sexta-feira, dia 17 de novembro. O Casamento Comunit\u00e1rio foi organizado pela Pastoral Familiar da Par\u00f3quia, sem custos para aqueles que receberam a b\u00ean\u00e7\u00e3o. A celebra\u00e7\u00e3o contou com a presen\u00e7a de [&hellip;]<\/p>\n","protected":false},"author":2,"featured_media":840,"comment_status":"open","ping_status":"open","sticky":false,"template":"","format":"standard","meta":{"footnotes":""},"categories":[56],"tags":[],"_links":{"self":[{"href":"https:\/\/sabuguinho.com.br\/site\/wp-json\/wp\/v2\/posts\/836"}],"collection":[{"href":"https:\/\/sabuguinho.com.br\/site\/wp-json\/wp\/v2\/posts"}],"about":[{"href":"https:\/\/sabuguinho.com.br\/site\/wp-json\/wp\/v2\/types\/post"}],"author":[{"embeddable":true,"href":"https:\/\/sabuguinho.com.br\/site\/wp-json\/wp\/v2\/users\/2"}],"replies":[{"embeddable":true,"href":"https:\/\/sabuguinho.com.br\/site\/wp-json\/wp\/v2\/comments?post=836"}],"version-history":[{"count":1,"href":"https:\/\/sabuguinho.com.br\/site\/wp-json\/wp\/v2\/posts\/836\/revisions"}],"predecessor-version":[{"id":841,"href":"https:\/\/sabuguinho.com.br\/site\/wp-json\/wp\/v2\/posts\/836\/revisions\/841"}],"wp:featuredmedia":[{"embeddable":true,"href":"https:\/\/sabuguinho.com.br\/site\/wp-json\/wp\/v2\/media\/840"}],"wp:attachment":[{"href":"https:\/\/sabuguinho.com.br\/site\/wp-json\/wp\/v2\/media?parent=836"}],"wp:term":[{"taxonomy":"category","embeddable":true,"href":"https:\/\/sabuguinho.com.br\/site\/wp-json\/wp\/v2\/categories?post=836"},{"taxonomy":"post_tag","embeddable":true,"href":"https:\/\/sabuguinho.com.br\/site\/wp-json\/wp\/v2\/tags?post=836"}],"curies":[{"name":"wp","href":"https:\/\/api.w.org\/{rel}","templated":true}]}}