{"id":826,"date":"2023-11-18T19:22:06","date_gmt":"2023-11-18T22:22:06","guid":{"rendered":"https:\/\/sabuguinho.com.br\/site\/?p=826"},"modified":"2023-11-18T19:22:06","modified_gmt":"2023-11-18T22:22:06","slug":"taylor-swift-adia-show-deste-sabado-por-temperatura-extrema-no-rio","status":"publish","type":"post","link":"https:\/\/sabuguinho.com.br\/site\/taylor-swift-adia-show-deste-sabado-por-temperatura-extrema-no-rio\/","title":{"rendered":"Taylor Swift adia show deste s\u00e1bado por temperatura extrema no Rio"},"content":{"rendered":"<p>Apresenta\u00e7\u00e3o foi remarcada para segunda-feira (20)<\/p>\n<p>A cantora norte-americana Taylor Swift decidiu adiar o show que faria no Est\u00e1dio Ol\u00edmpico Nilton Santos, popularmente conhecido como Engenh\u00e3o, na noite deste s\u00e1bado (18), no Rio de Janeiro. A justificativa da cantora foi a \u201ctemperatura extrema\u201d registrada na cidade. A decis\u00e3o foi comunicada pela artista em sua conta no Instagram.<br \/>\nTaylor afirmou ter escrito o comunicado j\u00e1 no camarim, dentro do est\u00e1dio. &#8220;Escrevo isso do meu camarim no est\u00e1dio. A decis\u00e3o tomada foi por adiar o show de hoje devido \u00e0s temperaturas extremas no Rio. A seguran\u00e7a e bem-estar dos meus f\u00e3s, artistas e equipe devem ser e sempre dever\u00e3o vir em primeiro lugar&#8221;.<br \/>\nA cantora norte-americana emenda a declara\u00e7\u00e3o afirmando que a seguran\u00e7a e o bem-estar dos f\u00e3s, artistas e da equipe de apoio sempre estar\u00e3o em primeiro lugar.<br \/>\nTaylor Swift adia segundo show no Rio por causa das altas temperaturas. Foto: stories\/taylor swift<br \/>\nTaylor Swift adia segundo show no Rio por causa das altas temperaturas. Foto: stories\/taylor swift<br \/>\nNova data<br \/>\nA empresa Ticket For Fun, organizadora da turn\u00ea The Eras, de Taylor Swift, confirmou, em seu site oficial que o show deste s\u00e1bado foi reagendado para a pr\u00f3xima segunda-feira (20). O comunicado diz ainda que todos os ingressos para a apresenta\u00e7\u00e3o de hoje permanecer\u00e3o v\u00e1lidos para a nova data. A empresa acrescentou que mais informa\u00e7\u00f5es sobre os ingressos e pol\u00edticas desse show ser\u00e3o divulgadas, em breve, no site da turn\u00ea: www.taylorswifttheerastour.com.br.<br \/>\nA decis\u00e3o da artista de adiar o show desta noite ocorre ap\u00f3s a morte da estudante universit\u00e1ria brasileira Ana Clara Benevides Machado, de 23 anos, que come\u00e7ou a passar mal durante o show da cantora, na noite desta sexta-feira (17), no mesmo est\u00e1dio. A causa da morte ainda \u00e9 desconhecida.<br \/>\nDesde ent\u00e3o, a morte de Ana Clara, que morava em Rondon\u00f3polis, no Mato Grosso, tem gerado como\u00e7\u00e3o nas redes sociais e posicionamentos de autoridades sobre o caso que seguir\u00e1 em investiga\u00e7\u00e3o pela Pol\u00edcia Civil do Rio de Janeiro.<\/p>\n<p>Edi\u00e7\u00e3o: Marcelo Brand\u00e3o<\/p>\n","protected":false},"excerpt":{"rendered":"<p>Apresenta\u00e7\u00e3o foi remarcada para segunda-feira (20) A cantora norte-americana Taylor Swift decidiu adiar o show que faria no Est\u00e1dio Ol\u00edmpico Nilton Santos, popularmente conhecido como Engenh\u00e3o, na noite deste s\u00e1bado (18), no Rio de Janeiro. A justificativa da cantora foi a \u201ctemperatura extrema\u201d registrada na cidade. A decis\u00e3o foi comunicada pela artista em sua conta [&hellip;]<\/p>\n","protected":false},"author":2,"featured_media":827,"comment_status":"open","ping_status":"open","sticky":false,"template":"","format":"standard","meta":{"footnotes":""},"categories":[56],"tags":[],"class_list":["post-826","post","type-post","status-publish","format-standard","has-post-thumbnail","hentry","category-social"],"_links":{"self":[{"href":"https:\/\/sabuguinho.com.br\/site\/wp-json\/wp\/v2\/posts\/826","targetHints":{"allow":["GET"]}}],"collection":[{"href":"https:\/\/sabuguinho.com.br\/site\/wp-json\/wp\/v2\/posts"}],"about":[{"href":"https:\/\/sabuguinho.com.br\/site\/wp-json\/wp\/v2\/types\/post"}],"author":[{"embeddable":true,"href":"https:\/\/sabuguinho.com.br\/site\/wp-json\/wp\/v2\/users\/2"}],"replies":[{"embeddable":true,"href":"https:\/\/sabuguinho.com.br\/site\/wp-json\/wp\/v2\/comments?post=826"}],"version-history":[{"count":1,"href":"https:\/\/sabuguinho.com.br\/site\/wp-json\/wp\/v2\/posts\/826\/revisions"}],"predecessor-version":[{"id":828,"href":"https:\/\/sabuguinho.com.br\/site\/wp-json\/wp\/v2\/posts\/826\/revisions\/828"}],"wp:featuredmedia":[{"embeddable":true,"href":"https:\/\/sabuguinho.com.br\/site\/wp-json\/wp\/v2\/media\/827"}],"wp:attachment":[{"href":"https:\/\/sabuguinho.com.br\/site\/wp-json\/wp\/v2\/media?parent=826"}],"wp:term":[{"taxonomy":"category","embeddable":true,"href":"https:\/\/sabuguinho.com.br\/site\/wp-json\/wp\/v2\/categories?post=826"},{"taxonomy":"post_tag","embeddable":true,"href":"https:\/\/sabuguinho.com.br\/site\/wp-json\/wp\/v2\/tags?post=826"}],"curies":[{"name":"wp","href":"https:\/\/api.w.org\/{rel}","templated":true}]}}