{"id":810,"date":"2023-11-18T11:03:32","date_gmt":"2023-11-18T14:03:32","guid":{"rendered":"https:\/\/sabuguinho.com.br\/site\/?p=810"},"modified":"2023-11-18T11:03:32","modified_gmt":"2023-11-18T14:03:32","slug":"deputada-federal-simone-marquetto-oficia-organizacao-do-show-da-cantora-taylor-swift-no-caso-da-jovem-morta-devido-ao-calor","status":"publish","type":"post","link":"https:\/\/sabuguinho.com.br\/site\/deputada-federal-simone-marquetto-oficia-organizacao-do-show-da-cantora-taylor-swift-no-caso-da-jovem-morta-devido-ao-calor\/","title":{"rendered":"Deputada federal Simone Marquetto oficia organiza\u00e7\u00e3o do show da cantora Taylor Swift no caso da jovem morta devido ao calor"},"content":{"rendered":"<p>A deputada federal Simone Marquetto (MDB-SP) lamentou  a not\u00edcia da morte da jovem de 23 anos, Ana Benevides,  no show da cantora Taylor Swift, no Rio de Janeiro.<br \/>\n&#8220;Estou oficiando a organiza\u00e7\u00e3o do evento e autoridades competentes, para averiguar a capacidade do local do show e o p\u00fablico presente. E se houve descontrole nas vendas dos ingressos&#8221;, destacou a deputada Simone Marquetto.<br \/>\nNa C\u00e2mara dos Deputados j\u00e1 foi aprovada a urg\u00eancia do Projeto de Lei que a parlamentar \u00e9 autora, chamado pelos f\u00e3s de \u201cLei Taylor Swift\u201d. &#8220;Seguimos firmes no enfrentamento do cambismo no Brasil&#8221;, completou Simone Marquetto.<br \/>\nExistem v\u00e1rios relatos de pessoas que precisaram de atendimento m\u00e9dico, por estarem desidratadas devido \u00e0s altas temperaturas. De acordo com o Alerta Rio, a sensa\u00e7\u00e3o t\u00e9rmica devido a onda de calor, o Rio de Janeiro registrou 59,3 graus nesta sexta, dia 17.<br \/>\n&#8220;Tamb\u00e9m chegou at\u00e9 n\u00f3s, que mesmo enfrentando filas quilom\u00e9tricas, o p\u00fablico estava sendo impedido de entrar com suas garrafas de \u00e1gua, sendo obrigados a consumir no local&#8221;, disse a deputada federal Simone Marquetto.<\/p>\n","protected":false},"excerpt":{"rendered":"<p>A deputada federal Simone Marquetto (MDB-SP) lamentou a not\u00edcia da morte da jovem de 23 anos, Ana Benevides, no show da cantora Taylor Swift, no Rio de Janeiro. &#8220;Estou oficiando a organiza\u00e7\u00e3o do evento e autoridades competentes, para averiguar a capacidade do local do show e o p\u00fablico presente. E se houve descontrole nas vendas [&hellip;]<\/p>\n","protected":false},"author":2,"featured_media":811,"comment_status":"open","ping_status":"open","sticky":false,"template":"","format":"standard","meta":{"footnotes":""},"categories":[51],"tags":[],"class_list":["post-810","post","type-post","status-publish","format-standard","has-post-thumbnail","hentry","category-noticias-regionais"],"_links":{"self":[{"href":"https:\/\/sabuguinho.com.br\/site\/wp-json\/wp\/v2\/posts\/810","targetHints":{"allow":["GET"]}}],"collection":[{"href":"https:\/\/sabuguinho.com.br\/site\/wp-json\/wp\/v2\/posts"}],"about":[{"href":"https:\/\/sabuguinho.com.br\/site\/wp-json\/wp\/v2\/types\/post"}],"author":[{"embeddable":true,"href":"https:\/\/sabuguinho.com.br\/site\/wp-json\/wp\/v2\/users\/2"}],"replies":[{"embeddable":true,"href":"https:\/\/sabuguinho.com.br\/site\/wp-json\/wp\/v2\/comments?post=810"}],"version-history":[{"count":1,"href":"https:\/\/sabuguinho.com.br\/site\/wp-json\/wp\/v2\/posts\/810\/revisions"}],"predecessor-version":[{"id":812,"href":"https:\/\/sabuguinho.com.br\/site\/wp-json\/wp\/v2\/posts\/810\/revisions\/812"}],"wp:featuredmedia":[{"embeddable":true,"href":"https:\/\/sabuguinho.com.br\/site\/wp-json\/wp\/v2\/media\/811"}],"wp:attachment":[{"href":"https:\/\/sabuguinho.com.br\/site\/wp-json\/wp\/v2\/media?parent=810"}],"wp:term":[{"taxonomy":"category","embeddable":true,"href":"https:\/\/sabuguinho.com.br\/site\/wp-json\/wp\/v2\/categories?post=810"},{"taxonomy":"post_tag","embeddable":true,"href":"https:\/\/sabuguinho.com.br\/site\/wp-json\/wp\/v2\/tags?post=810"}],"curies":[{"name":"wp","href":"https:\/\/api.w.org\/{rel}","templated":true}]}}