{"id":750,"date":"2023-11-16T02:02:09","date_gmt":"2023-11-16T05:02:09","guid":{"rendered":"https:\/\/sabuguinho.com.br\/site\/?p=750"},"modified":"2023-11-16T02:02:09","modified_gmt":"2023-11-16T05:02:09","slug":"ator-paulo-hesse-morre-em-sao-paulo-aos-81-anos-nascido-em","status":"publish","type":"post","link":"https:\/\/sabuguinho.com.br\/site\/ator-paulo-hesse-morre-em-sao-paulo-aos-81-anos-nascido-em\/","title":{"rendered":"Ator Paulo Hesse morre em S\u00e3o Paulo, aos 81 anos Nascido em"},"content":{"rendered":"<p>Nascido em Ca\u00e7apava, em 1942, Hesse esteve no elenco de v\u00e1rias novelas da TV Globo, como &#8216;O Cravo e a Rosa&#8217; (2000), &#8216;Para\u00edso Tropical&#8217; (2007) e &#8216;Selva de Pedra&#8217; (1986). A causa do falecimento n\u00e3o foi divulgada.<\/p>\n<p>Por g1 SP \u2014 S\u00e3o Paulo<\/p>\n<p>O ator Paulo C\u00e9sar Boeta, conhecido como Paulo Hesse, de 81 anos, morreu em S\u00e3o Paulo nesta ter\u00e7a-feira (14), segundo amigos da fam\u00edlia. A causa do falecimento n\u00e3o foi divulgada.<br \/>\nO vel\u00f3rio e sepultamento do ator acontecer\u00e1 no Cemit\u00e9rio da Paz, no bairro do Morumbi, Zona Sul de S\u00e3o Paulo, nesta quinta-feira (16), a partir das 9h, segundo a administra\u00e7\u00e3o do lugar<br \/>\nNascido na cidade de Ca\u00e7apava, em 1942, Hesse esteve no elenco de v\u00e1rias novelas da TV Globo, como O Cravo e a Rosa (2000), Para\u00edso Tropical (2007), Selva de Pedra (1986) e Rabo-de-Saia (1984).<br \/>\nPara\u00edso Tropical ser\u00e1 reprisada no &#8216;Vale a Pena Ver de Novo&#8217;, a partir de dezembro, substituindo &#8216;Mulheres Apaixonadas&#8217;, que est\u00e1 no ar atualmente.<br \/>\nO ator tamb\u00e9m participou de produ\u00e7\u00f5es em outras emissoras, como SBT, RecordTV, TV Tupi, Bandeirantes e TV Cultura. O \u00faltimo trabalho dele na televis\u00e3o foi na novela \u00c1gua na Boca, da TV Bandeirantes, onde interpretou Ab\u00edlio.<br \/>\nPelas redes sociais, amigos e admiradores lamentaram a morte do ator.<br \/>\n&#8220;V\u00e1 em paz, querido! Viva Paulo Hesse&#8221;, escreveu a atriz e diretora teatral Barbara Bruno.<br \/>\n&#8220;Eu tinha 24 anos quando conheci Paulo Hesse e tive a chance de aprender muito com este enorme talento&#8230;admirava ver o ator divertid\u00edssimo que quando entrava em cena, transformava a energia em algo que era emprestado ao personagem de forma instant\u00e2nea. Nesta \u00e9poca, eu trabalhava rodeado de lendas da TV, Teatro e Cinema. Tive esse privil\u00e9gio de ser apresentado e introduzido no meio teatral com essas pessoas, neste grupo. Aprendi com quem sabia mais que eu. Paulo Hesse foi um deles. Obrigado Paulo, fa\u00e7a seu caminho com leveza&#8221;, disse o ator e diretor teatral Andr\u00e9 La De Latorre.<\/p>\n<p>Legenda<br \/>\nO ator Paulo Hesse, de 81 anos, nascido em Ca\u00e7apava. \u2014 Foto: Reprodu\u00e7\u00e3o\/<\/p>\n","protected":false},"excerpt":{"rendered":"<p>Nascido em Ca\u00e7apava, em 1942, Hesse esteve no elenco de v\u00e1rias novelas da TV Globo, como &#8216;O Cravo e a Rosa&#8217; (2000), &#8216;Para\u00edso Tropical&#8217; (2007) e &#8216;Selva de Pedra&#8217; (1986). A causa do falecimento n\u00e3o foi divulgada. Por g1 SP \u2014 S\u00e3o Paulo O ator Paulo C\u00e9sar Boeta, conhecido como Paulo Hesse, de 81 anos, [&hellip;]<\/p>\n","protected":false},"author":2,"featured_media":751,"comment_status":"open","ping_status":"open","sticky":false,"template":"","format":"standard","meta":{"footnotes":""},"categories":[61],"tags":[],"_links":{"self":[{"href":"https:\/\/sabuguinho.com.br\/site\/wp-json\/wp\/v2\/posts\/750"}],"collection":[{"href":"https:\/\/sabuguinho.com.br\/site\/wp-json\/wp\/v2\/posts"}],"about":[{"href":"https:\/\/sabuguinho.com.br\/site\/wp-json\/wp\/v2\/types\/post"}],"author":[{"embeddable":true,"href":"https:\/\/sabuguinho.com.br\/site\/wp-json\/wp\/v2\/users\/2"}],"replies":[{"embeddable":true,"href":"https:\/\/sabuguinho.com.br\/site\/wp-json\/wp\/v2\/comments?post=750"}],"version-history":[{"count":2,"href":"https:\/\/sabuguinho.com.br\/site\/wp-json\/wp\/v2\/posts\/750\/revisions"}],"predecessor-version":[{"id":753,"href":"https:\/\/sabuguinho.com.br\/site\/wp-json\/wp\/v2\/posts\/750\/revisions\/753"}],"wp:featuredmedia":[{"embeddable":true,"href":"https:\/\/sabuguinho.com.br\/site\/wp-json\/wp\/v2\/media\/751"}],"wp:attachment":[{"href":"https:\/\/sabuguinho.com.br\/site\/wp-json\/wp\/v2\/media?parent=750"}],"wp:term":[{"taxonomy":"category","embeddable":true,"href":"https:\/\/sabuguinho.com.br\/site\/wp-json\/wp\/v2\/categories?post=750"},{"taxonomy":"post_tag","embeddable":true,"href":"https:\/\/sabuguinho.com.br\/site\/wp-json\/wp\/v2\/tags?post=750"}],"curies":[{"name":"wp","href":"https:\/\/api.w.org\/{rel}","templated":true}]}}