{"id":7410,"date":"2024-06-07T10:45:09","date_gmt":"2024-06-07T13:45:09","guid":{"rendered":"https:\/\/sabuguinho.com.br\/site\/?p=7410"},"modified":"2024-06-07T10:45:09","modified_gmt":"2024-06-07T13:45:09","slug":"destaque-no-centro-de-avare-concha-acustica-ganha-nova-pintura","status":"publish","type":"post","link":"https:\/\/sabuguinho.com.br\/site\/destaque-no-centro-de-avare-concha-acustica-ganha-nova-pintura\/","title":{"rendered":"Destaque no centro de Avar\u00e9, Concha Ac\u00fastica ganha nova pintura"},"content":{"rendered":"<p>Palco de eventos diversos, im\u00f3vel hist\u00f3rico inaugurado em 1959 faz parte vida cultural avareense<\/p>\n<p>Por: REDA\u00c7\u00c3O | SECOM..<\/p>\n<p>Monumento que chama a aten\u00e7\u00e3o na Pra\u00e7a \u201cPrefeito Romeu Bretas\u201d, a Concha Ac\u00fastica est\u00e1 ganhando nova pintura.<br \/>\nAs paredes externas do im\u00f3vel hist\u00f3rico j\u00e1 foram parcialmente revitalizadas pela Secretaria Municipal de Transporte e Servi\u00e7os.<br \/>\nA equipe promove agora os ajustes necess\u00e1rios para as pr\u00f3ximas fases da pintura, que v\u00e3o englobar as demais superf\u00edcies.<br \/>\nA Concha Ac\u00fastica \u00e9 palco de shows, apresenta\u00e7\u00f5es culturais e eventos diversos, sendo parte fundamental da vida cultural avareense.<\/p>\n<p>Saiba mais<\/p>\n<p>O im\u00f3vel inaugurado em 30 de dezembro de 1959 foi projetado pelo arquiteto militar Bernardo Sch\u00f6nmann.<br \/>\nSua forma foi pensada para preservar a ac\u00fastica em ambiente aberto. A estrutura integra o conjunto arquitet\u00f4nico da pra\u00e7a ao lado do monumento \u201cO Desbravador\u201d e da composi\u00e7\u00e3o feita em ladrilho portugu\u00eas de autoria do escultor Fausto Mazzola.<br \/>\nAs paredes laterais da Concha Ac\u00fastica ganharam pain\u00e9is de azulejo dois anos ap\u00f3s a inaugura\u00e7\u00e3o, obra do artista pl\u00e1stico K. Pishler.<\/p>\n<p><img loading=\"lazy\" decoding=\"async\" src=\"https:\/\/sabuguinho.com.br\/site\/wp-content\/uploads\/2024\/06\/Paredes-externas-da-Concha-Acustica-recebem-nova-pintura-1-150x100.jpg\" alt=\"\" width=\"150\" height=\"100\" class=\"alignnone size-medium wp-image-7411\" srcset=\"https:\/\/sabuguinho.com.br\/site\/wp-content\/uploads\/2024\/06\/Paredes-externas-da-Concha-Acustica-recebem-nova-pintura-1-150x100.jpg 150w, https:\/\/sabuguinho.com.br\/site\/wp-content\/uploads\/2024\/06\/Paredes-externas-da-Concha-Acustica-recebem-nova-pintura-1-512x341.jpg 512w, https:\/\/sabuguinho.com.br\/site\/wp-content\/uploads\/2024\/06\/Paredes-externas-da-Concha-Acustica-recebem-nova-pintura-1-768x512.jpg 768w, https:\/\/sabuguinho.com.br\/site\/wp-content\/uploads\/2024\/06\/Paredes-externas-da-Concha-Acustica-recebem-nova-pintura-1-1536x1024.jpg 1536w, https:\/\/sabuguinho.com.br\/site\/wp-content\/uploads\/2024\/06\/Paredes-externas-da-Concha-Acustica-recebem-nova-pintura-1-2048x1365.jpg 2048w, https:\/\/sabuguinho.com.br\/site\/wp-content\/uploads\/2024\/06\/Paredes-externas-da-Concha-Acustica-recebem-nova-pintura-1-750x500.jpg 750w, https:\/\/sabuguinho.com.br\/site\/wp-content\/uploads\/2024\/06\/Paredes-externas-da-Concha-Acustica-recebem-nova-pintura-1-1140x760.jpg 1140w\" sizes=\"auto, (max-width: 150px) 100vw, 150px\" \/><\/p>\n","protected":false},"excerpt":{"rendered":"<p>Palco de eventos diversos, im\u00f3vel hist\u00f3rico inaugurado em 1959 faz parte vida cultural avareense Por: REDA\u00c7\u00c3O | SECOM.. Monumento que chama a aten\u00e7\u00e3o na Pra\u00e7a \u201cPrefeito Romeu Bretas\u201d, a Concha Ac\u00fastica est\u00e1 ganhando nova pintura. As paredes externas do im\u00f3vel hist\u00f3rico j\u00e1 foram parcialmente revitalizadas pela Secretaria Municipal de Transporte e Servi\u00e7os. A equipe promove [&hellip;]<\/p>\n","protected":false},"author":2,"featured_media":7412,"comment_status":"open","ping_status":"open","sticky":false,"template":"","format":"standard","meta":{"footnotes":""},"categories":[58],"tags":[],"class_list":["post-7410","post","type-post","status-publish","format-standard","has-post-thumbnail","hentry","category-noticias-locais"],"_links":{"self":[{"href":"https:\/\/sabuguinho.com.br\/site\/wp-json\/wp\/v2\/posts\/7410","targetHints":{"allow":["GET"]}}],"collection":[{"href":"https:\/\/sabuguinho.com.br\/site\/wp-json\/wp\/v2\/posts"}],"about":[{"href":"https:\/\/sabuguinho.com.br\/site\/wp-json\/wp\/v2\/types\/post"}],"author":[{"embeddable":true,"href":"https:\/\/sabuguinho.com.br\/site\/wp-json\/wp\/v2\/users\/2"}],"replies":[{"embeddable":true,"href":"https:\/\/sabuguinho.com.br\/site\/wp-json\/wp\/v2\/comments?post=7410"}],"version-history":[{"count":1,"href":"https:\/\/sabuguinho.com.br\/site\/wp-json\/wp\/v2\/posts\/7410\/revisions"}],"predecessor-version":[{"id":7413,"href":"https:\/\/sabuguinho.com.br\/site\/wp-json\/wp\/v2\/posts\/7410\/revisions\/7413"}],"wp:featuredmedia":[{"embeddable":true,"href":"https:\/\/sabuguinho.com.br\/site\/wp-json\/wp\/v2\/media\/7412"}],"wp:attachment":[{"href":"https:\/\/sabuguinho.com.br\/site\/wp-json\/wp\/v2\/media?parent=7410"}],"wp:term":[{"taxonomy":"category","embeddable":true,"href":"https:\/\/sabuguinho.com.br\/site\/wp-json\/wp\/v2\/categories?post=7410"},{"taxonomy":"post_tag","embeddable":true,"href":"https:\/\/sabuguinho.com.br\/site\/wp-json\/wp\/v2\/tags?post=7410"}],"curies":[{"name":"wp","href":"https:\/\/api.w.org\/{rel}","templated":true}]}}