{"id":7405,"date":"2024-06-07T10:21:17","date_gmt":"2024-06-07T13:21:17","guid":{"rendered":"https:\/\/sabuguinho.com.br\/site\/?p=7405"},"modified":"2024-06-07T10:21:17","modified_gmt":"2024-06-07T13:21:17","slug":"obras-terras-de-sao-jose-tem-novas-ruas-pavimentadas-pela-prefeitura","status":"publish","type":"post","link":"https:\/\/sabuguinho.com.br\/site\/obras-terras-de-sao-jose-tem-novas-ruas-pavimentadas-pela-prefeitura\/","title":{"rendered":"OBRAS &#8211; Terras de S\u00e3o Jos\u00e9 tem novas ruas pavimentadas pela Prefeitura"},"content":{"rendered":"<p>Fase atual da obra contempla as vias Ant\u00f4nio Zanluchi, Deolindo Anselmo, Antonio de Souza e Argemiro Preto Cardoso, entre outras ruas<\/p>\n<p>Mais ruas s\u00e3o contempladas na atual fase da pavimenta\u00e7\u00e3o do Loteamento Terras de S\u00e3o Jos\u00e9.<br \/>\nA obra da Prefeitura da Est\u00e2ncia Tur\u00edstica de Avar\u00e9 leva infraestrutura para trechos da Rua Jos\u00e9 Bannwart, al\u00e9m de beneficiar as ruas Ant\u00f4nio Zanluchi, Deolindo Anselmo, Antonio Pilar, Di\u00e9ter Glaser, Antonio de Souza e Argemiro Preto Cardoso.<br \/>\nO Loteamento Terras de S\u00e3o Jos\u00e9 recebeu investimentos in\u00e9ditos em infraestrutura nos \u00faltimos anos.<br \/>\nO projeto em andamento est\u00e1 or\u00e7ado em mais de R$ 2.500 milh\u00f5es. O empreendimento \u00e9 um conv\u00eanio entre a Prefeitura de Avar\u00e9 e Secretaria de Desenvolvimento Regional.<\/p>\n<p>Fases anteriores<\/p>\n<p>A fase conclu\u00edda em 2022 levou pavimenta\u00e7\u00e3o a Rua dos Eucaliptos, Rua dos Gorocaias, Rua Maria Gabriela Pedroso, Rua Armando Silveira e Rua Andr\u00e9 Jurado, entre outras vias.<\/p>\n<p>As ruas Argemiro Preto Cardoso, Vereador Luiz Preto Cardoso e Rua dos Cambar\u00e1s, por sua vez, foram pavimentadas pelo munic\u00edpio em 2021.<\/p>\n<p>J\u00e1 a pavimenta\u00e7\u00e3o da Avenida Santa B\u00e1rbara, principal acesso ao Loteamento Terras de S\u00e3o Jos\u00e9, foi inaugurada em 2019 pela Prefeitura de Avar\u00e9.<\/p>\n<p><img loading=\"lazy\" decoding=\"async\" src=\"https:\/\/sabuguinho.com.br\/site\/wp-content\/uploads\/2024\/06\/Screenshot_20240607-1015282-150x106.png\" alt=\"\" width=\"150\" height=\"106\" class=\"alignnone size-medium wp-image-7406\" srcset=\"https:\/\/sabuguinho.com.br\/site\/wp-content\/uploads\/2024\/06\/Screenshot_20240607-1015282-150x106.png 150w, https:\/\/sabuguinho.com.br\/site\/wp-content\/uploads\/2024\/06\/Screenshot_20240607-1015282-512x363.png 512w, https:\/\/sabuguinho.com.br\/site\/wp-content\/uploads\/2024\/06\/Screenshot_20240607-1015282-768x545.png 768w, https:\/\/sabuguinho.com.br\/site\/wp-content\/uploads\/2024\/06\/Screenshot_20240607-1015282-120x86.png 120w, https:\/\/sabuguinho.com.br\/site\/wp-content\/uploads\/2024\/06\/Screenshot_20240607-1015282-350x250.png 350w, https:\/\/sabuguinho.com.br\/site\/wp-content\/uploads\/2024\/06\/Screenshot_20240607-1015282-750x532.png 750w, https:\/\/sabuguinho.com.br\/site\/wp-content\/uploads\/2024\/06\/Screenshot_20240607-1015282.png 1080w\" sizes=\"auto, (max-width: 150px) 100vw, 150px\" \/><\/p>\n<p><img loading=\"lazy\" decoding=\"async\" src=\"https:\/\/sabuguinho.com.br\/site\/wp-content\/uploads\/2024\/06\/Screenshot_20240607-1015402-150x105.png\" alt=\"\" width=\"150\" height=\"105\" class=\"alignnone size-medium wp-image-7407\" srcset=\"https:\/\/sabuguinho.com.br\/site\/wp-content\/uploads\/2024\/06\/Screenshot_20240607-1015402-150x105.png 150w, https:\/\/sabuguinho.com.br\/site\/wp-content\/uploads\/2024\/06\/Screenshot_20240607-1015402-512x359.png 512w, https:\/\/sabuguinho.com.br\/site\/wp-content\/uploads\/2024\/06\/Screenshot_20240607-1015402-768x539.png 768w, https:\/\/sabuguinho.com.br\/site\/wp-content\/uploads\/2024\/06\/Screenshot_20240607-1015402-750x526.png 750w, https:\/\/sabuguinho.com.br\/site\/wp-content\/uploads\/2024\/06\/Screenshot_20240607-1015402.png 1080w\" sizes=\"auto, (max-width: 150px) 100vw, 150px\" \/><\/p>\n","protected":false},"excerpt":{"rendered":"<p>Fase atual da obra contempla as vias Ant\u00f4nio Zanluchi, Deolindo Anselmo, Antonio de Souza e Argemiro Preto Cardoso, entre outras ruas Mais ruas s\u00e3o contempladas na atual fase da pavimenta\u00e7\u00e3o do Loteamento Terras de S\u00e3o Jos\u00e9. A obra da Prefeitura da Est\u00e2ncia Tur\u00edstica de Avar\u00e9 leva infraestrutura para trechos da Rua Jos\u00e9 Bannwart, al\u00e9m de [&hellip;]<\/p>\n","protected":false},"author":2,"featured_media":7408,"comment_status":"open","ping_status":"open","sticky":false,"template":"","format":"standard","meta":{"footnotes":""},"categories":[58],"tags":[],"class_list":["post-7405","post","type-post","status-publish","format-standard","has-post-thumbnail","hentry","category-noticias-locais"],"_links":{"self":[{"href":"https:\/\/sabuguinho.com.br\/site\/wp-json\/wp\/v2\/posts\/7405","targetHints":{"allow":["GET"]}}],"collection":[{"href":"https:\/\/sabuguinho.com.br\/site\/wp-json\/wp\/v2\/posts"}],"about":[{"href":"https:\/\/sabuguinho.com.br\/site\/wp-json\/wp\/v2\/types\/post"}],"author":[{"embeddable":true,"href":"https:\/\/sabuguinho.com.br\/site\/wp-json\/wp\/v2\/users\/2"}],"replies":[{"embeddable":true,"href":"https:\/\/sabuguinho.com.br\/site\/wp-json\/wp\/v2\/comments?post=7405"}],"version-history":[{"count":1,"href":"https:\/\/sabuguinho.com.br\/site\/wp-json\/wp\/v2\/posts\/7405\/revisions"}],"predecessor-version":[{"id":7409,"href":"https:\/\/sabuguinho.com.br\/site\/wp-json\/wp\/v2\/posts\/7405\/revisions\/7409"}],"wp:featuredmedia":[{"embeddable":true,"href":"https:\/\/sabuguinho.com.br\/site\/wp-json\/wp\/v2\/media\/7408"}],"wp:attachment":[{"href":"https:\/\/sabuguinho.com.br\/site\/wp-json\/wp\/v2\/media?parent=7405"}],"wp:term":[{"taxonomy":"category","embeddable":true,"href":"https:\/\/sabuguinho.com.br\/site\/wp-json\/wp\/v2\/categories?post=7405"},{"taxonomy":"post_tag","embeddable":true,"href":"https:\/\/sabuguinho.com.br\/site\/wp-json\/wp\/v2\/tags?post=7405"}],"curies":[{"name":"wp","href":"https:\/\/api.w.org\/{rel}","templated":true}]}}