{"id":740,"date":"2023-11-15T22:16:27","date_gmt":"2023-11-16T01:16:27","guid":{"rendered":"https:\/\/sabuguinho.com.br\/site\/?p=740"},"modified":"2023-11-15T22:16:27","modified_gmt":"2023-11-16T01:16:27","slug":"cantor-pericles-agita-publico-durante-quarta-noite-de-festival-em-olimpia","status":"publish","type":"post","link":"https:\/\/sabuguinho.com.br\/site\/cantor-pericles-agita-publico-durante-quarta-noite-de-festival-em-olimpia\/","title":{"rendered":"Cantor P\u00e9ricles agita p\u00fablico durante quarta noite de festival em Ol\u00edmpia"},"content":{"rendered":"<p>Pista para a apresenta\u00e7\u00e3o do cantor \u00e9 solid\u00e1ria, com a troca de ingressos por 1 quilo de alimento n\u00e3o perec\u00edvel feita diretamente na portaria do Recinto do Folclore de Ol\u00edmpia. Luan Santana encerra programa\u00e7\u00e3o na ter\u00e7a-feira, v\u00e9spera de feriado da Proclama\u00e7\u00e3o da Rep\u00fablica<br \/>\nOl\u00edmpia, dia 13 de novembro \u2013 O VIVA+ Festival continua a encantar o p\u00fablico nesta segunda-feira, dia 13 de novembro, com uma programa\u00e7\u00e3o repleta de op\u00e7\u00f5es de entretenimento para todas as idades. Ap\u00f3s tr\u00eas noites incr\u00edveis com Ana Castela, Gustavo Mioto e Jota Quest, chegou a vez do cantor P\u00e9ricles lotar o Recinto do Folclore de Ol\u00edmpia (SP) para embalar a plateia ao som de m\u00fasicas que marcam gera\u00e7\u00f5es.<br \/>\n Esbanjando simpatia, como de costume, \u201cP\u00e9ricl\u00e3o\u201d trar\u00e1 na setlist diversos sucessos, incluindo \u201cAt\u00e9 que Durou\u201d, \u201cJogo da Sedu\u00e7\u00e3o\u201d, \u201cFinal de Tarde\u201d, \u201cSe Eu Largar o Freio\u201d, \u201cAcordar com Voc\u00ea\u201d e \u201cSupera\u201d.  Antes do m\u00fasico subir ao palco, o grupo \u201cResenha A+\u201d vai esquentar a plateia com o melhor do pagode.<br \/>\nNesta segunda, a pista para o show do P\u00e9ricles \u00e9 solid\u00e1ria, com a troca de ingressos por 1 quilo de alimento n\u00e3o perec\u00edvel feita diretamente na portaria do Recinto do Folclore de Ol\u00edmpia. Ainda \u00e9 poss\u00edvel comprar o ingresso por R$ 10 pelo Guich\u00ea Web &#8211; www.guicheweb.com.br\/olimpia. O valor tamb\u00e9m ser\u00e1 revertido \u00e0 compra de alimentos n\u00e3o perec\u00edveis. Os port\u00f5es do evento ser\u00e3o abertos \u00e0s 19h, e a apresenta\u00e7\u00e3o principal est\u00e1 marcada para as 22h.<br \/>\nPromovido pela VIVA+ Entretenimento em parceria com a TV TEM e o apoio da Prefeitura de Ol\u00edmpia, o VIVA+ Festival termina no dia 14 de novembro, v\u00e9spera de feriado da Proclama\u00e7\u00e3o da Rep\u00fablica, com a apresenta\u00e7\u00e3o de ningu\u00e9m menos do que Luan Santana.<br \/>\nA entradas para a Pista, \u00c1rea Vip e Camarote est\u00e3o dispon\u00edveis para compra no mesmo site. Nenhum setor \u00e9 open bar, e qualquer menor de 16 anos precisa estar acompanhado dos pais ou respons\u00e1veis.<br \/>\n Com op\u00e7\u00f5es de lazer e entretenimento para toda fam\u00edlia, o evento tem uma estrutura completa, segura e inovadora, incluindo \u00e1rea gastron\u00f4mica, parque de divers\u00e3o, arena churrasco e uma mini fazendinha. Cantores e artistas da cidade tamb\u00e9m foram convidados a abrir as apresenta\u00e7\u00f5es dos shows \u00e0 noite, uma forma de fortalecer ainda mais a cena art\u00edstica regional.<br \/>\nHora do Sil\u00eancio e Hora da Inclus\u00e3o<br \/>\nNesta segunda, o VIVA+ Festival tamb\u00e9m vai oferecer uma programa\u00e7\u00e3o inclusiva para proporcionar uma experi\u00eancia mais acolhedora, divertida e acess\u00edvel aos visitantes. Das 19h \u00e0s 21h, o parque de divers\u00f5es do evento ser\u00e1 transformado em um espa\u00e7o tranquilo e amig\u00e1vel para crian\u00e7as com o Transtorno do Espectro Autista (TEA) e pessoas com defici\u00eancia (PCD). Os brinquedos com alto n\u00edvel de ru\u00eddo ser\u00e3o desligados durante esse per\u00edodo, assim como o som da festa.<br \/>\nO objetivo da \u201cHora do Sil\u00eancio\u201d e da \u201cHora da Inclus\u00e3o\u201d \u00e9 garantir um ambiente mais calmo e confort\u00e1vel para todos os visitantes, especialmente para aqueles que s\u00e3o sens\u00edveis ao barulho. Al\u00e9m disso, todas as crian\u00e7as com espectro autista e PCD ter\u00e3o acesso gratuito aos brinquedos do parque durante as duas horas, mediante apresenta\u00e7\u00e3o de documento comprobat\u00f3rio.<\/p>\n<p>Servi\u00e7o<\/p>\n<p>VIVA+ Festival 2023<br \/>\nDe 10 a 14 de novembro<br \/>\nIngressos \u00e0 venda: pista, \u00e1rea vip e camarote<br \/>\nLocal: no Recinto do Folclore &#8211; Avenida Menina Mo\u00e7a, n\u00famero 800, Ol\u00edmpia<\/p>\n<p>Programa\u00e7\u00e3o completa<\/p>\n<p> Segunda-feira, 13 de novembro<br \/>\nAbertura do recinto \u00e0s 19h<br \/>\nShow com P\u00e9ricles \u00e0s 22h<br \/>\nPista solid\u00e1ria: troca por alimento n\u00e3o perec\u00edvel ou R$ 10<\/p>\n<p>Ter\u00e7a-feira, 14 de novembro<br \/>\nAbertura do recinto \u00e0s 19h<br \/>\nShow com Luan Santana \u00e0s 22h<\/p>\n<p>Informa\u00e7\u00f5es para a Imprensa<br \/>\nComunic Comunica\u00e7\u00e3o Estrat\u00e9gica<br \/>\nRenato Martins (17) 98151-0659 \u2013 renato@comunic.com.br<br \/>\nCarlos Cristal (17) 99745-2795 \u2013 carlos@comunic.com.br<br \/>\nIgor Galante (17) 99791-1216 \u2013 igor@comunic.com.br<br \/>\nwww.comunic.com.br<\/p>\n<p><img loading=\"lazy\" decoding=\"async\" src=\"https:\/\/sabuguinho.com.br\/site\/wp-content\/uploads\/2023\/11\/Imprensa-Jota-Quest-1-150x100.jpg\" alt=\"\" width=\"150\" height=\"100\" class=\"alignnone size-medium wp-image-741\" srcset=\"https:\/\/sabuguinho.com.br\/site\/wp-content\/uploads\/2023\/11\/Imprensa-Jota-Quest-1-150x100.jpg 150w, https:\/\/sabuguinho.com.br\/site\/wp-content\/uploads\/2023\/11\/Imprensa-Jota-Quest-1-512x341.jpg 512w, https:\/\/sabuguinho.com.br\/site\/wp-content\/uploads\/2023\/11\/Imprensa-Jota-Quest-1-768x512.jpg 768w, https:\/\/sabuguinho.com.br\/site\/wp-content\/uploads\/2023\/11\/Imprensa-Jota-Quest-1-750x500.jpg 750w, https:\/\/sabuguinho.com.br\/site\/wp-content\/uploads\/2023\/11\/Imprensa-Jota-Quest-1-1140x760.jpg 1140w, https:\/\/sabuguinho.com.br\/site\/wp-content\/uploads\/2023\/11\/Imprensa-Jota-Quest-1.jpg 1280w\" sizes=\"(max-width: 150px) 100vw, 150px\" \/><\/p>\n<p><img loading=\"lazy\" decoding=\"async\" src=\"https:\/\/sabuguinho.com.br\/site\/wp-content\/uploads\/2023\/11\/Pericles-Imprensa-150x100.jpg\" alt=\"\" width=\"150\" height=\"100\" class=\"alignnone size-medium wp-image-742\" srcset=\"https:\/\/sabuguinho.com.br\/site\/wp-content\/uploads\/2023\/11\/Pericles-Imprensa-150x100.jpg 150w, https:\/\/sabuguinho.com.br\/site\/wp-content\/uploads\/2023\/11\/Pericles-Imprensa-512x341.jpg 512w, https:\/\/sabuguinho.com.br\/site\/wp-content\/uploads\/2023\/11\/Pericles-Imprensa-768x512.jpg 768w, https:\/\/sabuguinho.com.br\/site\/wp-content\/uploads\/2023\/11\/Pericles-Imprensa-1536x1024.jpg 1536w, https:\/\/sabuguinho.com.br\/site\/wp-content\/uploads\/2023\/11\/Pericles-Imprensa-750x500.jpg 750w, https:\/\/sabuguinho.com.br\/site\/wp-content\/uploads\/2023\/11\/Pericles-Imprensa-1140x760.jpg 1140w, https:\/\/sabuguinho.com.br\/site\/wp-content\/uploads\/2023\/11\/Pericles-Imprensa.jpg 1600w\" sizes=\"(max-width: 150px) 100vw, 150px\" \/> <\/p>\n","protected":false},"excerpt":{"rendered":"<p>Pista para a apresenta\u00e7\u00e3o do cantor \u00e9 solid\u00e1ria, com a troca de ingressos por 1 quilo de alimento n\u00e3o perec\u00edvel feita diretamente na portaria do Recinto do Folclore de Ol\u00edmpia. Luan Santana encerra programa\u00e7\u00e3o na ter\u00e7a-feira, v\u00e9spera de feriado da Proclama\u00e7\u00e3o da Rep\u00fablica Ol\u00edmpia, dia 13 de novembro \u2013 O VIVA+ Festival continua a encantar [&hellip;]<\/p>\n","protected":false},"author":2,"featured_media":743,"comment_status":"open","ping_status":"open","sticky":false,"template":"","format":"standard","meta":{"footnotes":""},"categories":[56],"tags":[],"_links":{"self":[{"href":"https:\/\/sabuguinho.com.br\/site\/wp-json\/wp\/v2\/posts\/740"}],"collection":[{"href":"https:\/\/sabuguinho.com.br\/site\/wp-json\/wp\/v2\/posts"}],"about":[{"href":"https:\/\/sabuguinho.com.br\/site\/wp-json\/wp\/v2\/types\/post"}],"author":[{"embeddable":true,"href":"https:\/\/sabuguinho.com.br\/site\/wp-json\/wp\/v2\/users\/2"}],"replies":[{"embeddable":true,"href":"https:\/\/sabuguinho.com.br\/site\/wp-json\/wp\/v2\/comments?post=740"}],"version-history":[{"count":1,"href":"https:\/\/sabuguinho.com.br\/site\/wp-json\/wp\/v2\/posts\/740\/revisions"}],"predecessor-version":[{"id":744,"href":"https:\/\/sabuguinho.com.br\/site\/wp-json\/wp\/v2\/posts\/740\/revisions\/744"}],"wp:featuredmedia":[{"embeddable":true,"href":"https:\/\/sabuguinho.com.br\/site\/wp-json\/wp\/v2\/media\/743"}],"wp:attachment":[{"href":"https:\/\/sabuguinho.com.br\/site\/wp-json\/wp\/v2\/media?parent=740"}],"wp:term":[{"taxonomy":"category","embeddable":true,"href":"https:\/\/sabuguinho.com.br\/site\/wp-json\/wp\/v2\/categories?post=740"},{"taxonomy":"post_tag","embeddable":true,"href":"https:\/\/sabuguinho.com.br\/site\/wp-json\/wp\/v2\/tags?post=740"}],"curies":[{"name":"wp","href":"https:\/\/api.w.org\/{rel}","templated":true}]}}