{"id":7395,"date":"2024-06-07T03:06:57","date_gmt":"2024-06-07T06:06:57","guid":{"rendered":"https:\/\/sabuguinho.com.br\/site\/?p=7395"},"modified":"2024-06-07T03:06:57","modified_gmt":"2024-06-07T06:06:57","slug":"haddad-presenteia-papa-francisco-com-cuia-de-chimarrao","status":"publish","type":"post","link":"https:\/\/sabuguinho.com.br\/site\/haddad-presenteia-papa-francisco-com-cuia-de-chimarrao\/","title":{"rendered":"Haddad presenteia papa Francisco com cuia de chimarr\u00e3o"},"content":{"rendered":"<p>O ministro da Fazenda, Fernando Haddad, presenteou o papa Francisco com uma cuia de chimarr\u00e3o em alus\u00e3o \u00e0 trag\u00e9dia clim\u00e1tica no Rio Grande do Sul. O pont\u00edfice tamb\u00e9m recebeu um livro do ex-deputado federal Gabriel Chalita, intitulado Entre Franciscos: o Santo e o Papa, que relata um encontro fict\u00edcio entre o papa e S\u00e3o Francisco de Assis.<br \/>\nEm troca, o ministro recebeu a Medalha Pontif\u00edcia, concedida a quem participa de audi\u00eancias com o papa. Ocorrido no Pal\u00e1cio Papal, no Vaticano, o encontro foi o \u00faltimo compromisso da viagem do ministro da Fazenda \u00e0 It\u00e1lia. Neste momento, Haddad retorna ao Brasil.<br \/>\nA audi\u00eancia foi privada e s\u00f3 teve imagens dos trechos inicial e final da audi\u00eancia divulgadas pela m\u00eddia oficial do Vaticano. Segundo o Minist\u00e9rio da Fazenda, Haddad seguiu os temas abordados durante esta semana e pediu apoio \u00e0 proposta do Brasil de taxar os super-ricos, falou sobre a crise da d\u00edvida dos pa\u00edses pobres e sobre as enchentes no Rio Grande do Sul.<br \/>\nHoras ap\u00f3s o encontro, o ministro postou, nas redes sociais, mensagem em que tratou do combate, em escala global, da mis\u00e9ria e da pobreza. \u201cEm visita ao papa Francisco, no Vaticano. Uma inclina\u00e7\u00e3o afetuosa do esp\u00edrito para a vida \u00e9 o caminho para uma sociedade mais justa, fraterna e solid\u00e1ria. Uma economia global de la\u00e7os que combatam a mis\u00e9ria e a pobreza\u201d, escreveu Haddad.<br \/>\nSegundo a m\u00eddia oficial do Vaticano, o Santo Padre reiterou que os princ\u00edpios de justi\u00e7a e solidariedade trar\u00e3o pistas para a redu\u00e7\u00e3o da desigualdade global. \u201cNesse caminho \u00e9 indispens\u00e1vel agir de boa-f\u00e9 e com verdade, seguindo um c\u00f3digo de conduta internacional com normas de valor \u00e9tico que tutelam as negocia\u00e7\u00f5es. Devemos pensar em uma nova arquitetura financeira internacional que seja audaz e criativa\u201d, afirmou Francisco nas redes sociais do Vaticano.<br \/>\nEm fevereiro, o Brasil, que exerce a presid\u00eancia do G20 (grupo das 19 maiores economias do planeta, mais a Uni\u00e3o Europeia e a Uni\u00e3o Africana), prop\u00f4s taxar cerca de 3 mil super-ricos em todo o planeta em 2% dos rendimentos sobre o patrim\u00f4nio e aplicar o dinheiro na redu\u00e7\u00e3o das desigualdades e das mudan\u00e7as clim\u00e1ticas.<\/p>\n<p>Confer\u00eancia<\/p>\n<p>Na quarta-feira (5), Haddad participou de confer\u00eancia Enfrentando a Crise da D\u00edvida no Sul Global, co-organizada pela universidade norte-americana de Columbia e pela Pontif\u00edcia Academia de Ci\u00eancias Sociais, ligada ao Vaticano. O ministro destacou o compromisso do Brasil com a busca de solu\u00e7\u00f5es para a crise da d\u00edvida p\u00fablica enfrentada por pa\u00edses em desenvolvimento.<br \/>\nNa ocasi\u00e3o, o ministro falou sobre a import\u00e2ncia da taxa\u00e7\u00e3o dos super-ricos para a reconstru\u00e7\u00e3o do Rio Grande do Sul. \u201cNo Rio Grande do Sul, milhares de fam\u00edlias deixaram suas casas por causa de um evento extremo. \u00c9 preciso repensar os \u00f3rg\u00e3os multilaterais e financiamentos para combater a crise clim\u00e1tica de natureza global\u201d, afirmou.<br \/>\n\u201cOs Estados nacionais est\u00e3o endividados, com fragilidade fiscal. A taxa\u00e7\u00e3o dos super-ricos coloca uma quest\u00e3o: enfrentar a desigualdade. Um s\u00edmbolo de um caminho a ser percorrido por todos n\u00f3s com coopera\u00e7\u00e3o internacional. Por isso estamos no Vaticano, \u00e9 um lugar apropriado para solu\u00e7\u00f5es edificantes\u201d, acrescentou.<br \/>\nSegundo o Fundo Monet\u00e1rio Internacional (FMI), dos 68 pa\u00edses de menor renda, nove n\u00e3o conseguem pagar a d\u00edvida externa e 51 est\u00e3o com risco moderado ou alto de entrar em morat\u00f3ria. De acordo com a Organiza\u00e7\u00e3o das Na\u00e7\u00f5es Unidas (ONU), 19 pa\u00edses em desenvolvimento gastam mais em juros da d\u00edvida p\u00fablica do que com educa\u00e7\u00e3o e 45 mais do que com a sa\u00fade. Conforme a Pontif\u00edcia Academia de Ci\u00eancias Sociais, o problema piorou ap\u00f3s a pandemia de covid-19.<\/p>\n<p>Reuni\u00f5es com ministros<\/p>\n<p>Na ter\u00e7a-feira (4), Haddad reuniu-se com o ministro da Economia da Espanha, Carlos Cuerpo, a quem pediu apoio para a conclus\u00e3o do acordo Mercosul-Uni\u00e3o Europeia. Na quarta, encontrou-se com o ministro da Economia e das Finan\u00e7as da It\u00e1lia, Giancarlo Giorgetti. Os dois conversaram sobre a situa\u00e7\u00e3o geopol\u00edtica global, e Haddad pediu o apoio do pa\u00eds europeu \u00e0 proposta de taxa\u00e7\u00e3o dos super-ricos.<br \/>\nAt\u00e9 agora, Fran\u00e7a, Espanha, Col\u00f4mbia, Uni\u00e3o Africana e B\u00e9lgica manifestaram apoio direto \u00e0 proposta brasileira. Pa\u00eds que assumir\u00e1 a presid\u00eancia rotativa do G20 no pr\u00f3ximo ano, a \u00c1frica do Sul tamb\u00e9m apoia a taxa\u00e7\u00e3o de super-ricos. Os Estados Unidos, no entanto, rejeitaram a proposta.<\/p>\n","protected":false},"excerpt":{"rendered":"<p>O ministro da Fazenda, Fernando Haddad, presenteou o papa Francisco com uma cuia de chimarr\u00e3o em alus\u00e3o \u00e0 trag\u00e9dia clim\u00e1tica no Rio Grande do Sul. O pont\u00edfice tamb\u00e9m recebeu um livro do ex-deputado federal Gabriel Chalita, intitulado Entre Franciscos: o Santo e o Papa, que relata um encontro fict\u00edcio entre o papa e S\u00e3o Francisco [&hellip;]<\/p>\n","protected":false},"author":2,"featured_media":7396,"comment_status":"open","ping_status":"open","sticky":false,"template":"","format":"standard","meta":{"footnotes":""},"categories":[1],"tags":[],"class_list":["post-7395","post","type-post","status-publish","format-standard","has-post-thumbnail","hentry","category-politicas-em-geral"],"_links":{"self":[{"href":"https:\/\/sabuguinho.com.br\/site\/wp-json\/wp\/v2\/posts\/7395","targetHints":{"allow":["GET"]}}],"collection":[{"href":"https:\/\/sabuguinho.com.br\/site\/wp-json\/wp\/v2\/posts"}],"about":[{"href":"https:\/\/sabuguinho.com.br\/site\/wp-json\/wp\/v2\/types\/post"}],"author":[{"embeddable":true,"href":"https:\/\/sabuguinho.com.br\/site\/wp-json\/wp\/v2\/users\/2"}],"replies":[{"embeddable":true,"href":"https:\/\/sabuguinho.com.br\/site\/wp-json\/wp\/v2\/comments?post=7395"}],"version-history":[{"count":1,"href":"https:\/\/sabuguinho.com.br\/site\/wp-json\/wp\/v2\/posts\/7395\/revisions"}],"predecessor-version":[{"id":7397,"href":"https:\/\/sabuguinho.com.br\/site\/wp-json\/wp\/v2\/posts\/7395\/revisions\/7397"}],"wp:featuredmedia":[{"embeddable":true,"href":"https:\/\/sabuguinho.com.br\/site\/wp-json\/wp\/v2\/media\/7396"}],"wp:attachment":[{"href":"https:\/\/sabuguinho.com.br\/site\/wp-json\/wp\/v2\/media?parent=7395"}],"wp:term":[{"taxonomy":"category","embeddable":true,"href":"https:\/\/sabuguinho.com.br\/site\/wp-json\/wp\/v2\/categories?post=7395"},{"taxonomy":"post_tag","embeddable":true,"href":"https:\/\/sabuguinho.com.br\/site\/wp-json\/wp\/v2\/tags?post=7395"}],"curies":[{"name":"wp","href":"https:\/\/api.w.org\/{rel}","templated":true}]}}