{"id":736,"date":"2023-11-15T19:48:20","date_gmt":"2023-11-15T22:48:20","guid":{"rendered":"https:\/\/sabuguinho.com.br\/site\/?p=736"},"modified":"2023-11-15T19:48:20","modified_gmt":"2023-11-15T22:48:20","slug":"solidariedade-fundo-social-divulga-balanco-parcial-de-doacoes-recebidas","status":"publish","type":"post","link":"https:\/\/sabuguinho.com.br\/site\/solidariedade-fundo-social-divulga-balanco-parcial-de-doacoes-recebidas\/","title":{"rendered":"SOLIDARIEDADE &#8211;  Fundo Social divulga balan\u00e7o parcial de doa\u00e7\u00f5es recebidas"},"content":{"rendered":"<p>Itens doados ao \u00f3g\u00e3o assistencial do munic\u00edpio s\u00e3o revertidos para fam\u00edlias assistidas<\/p>\n<p>Roupas, alimentos e leite s\u00e3o os principais itens recebidos em doa\u00e7\u00e3o at\u00e9 momento pelo Fundo Social de Solidariedade.<br \/>\nA informa\u00e7\u00e3o est\u00e1 no balan\u00e7o parcial divulgado pelo \u00f3rg\u00e3o assistencial municipal. Os mantimentos s\u00e3o revertidos para fam\u00edlias assistidas e pessoas em situa\u00e7\u00e3o de vulnerabilidade social.<br \/>\nA doa\u00e7\u00e3o mais recente veio da Copa Sudoeste de Mountain Bike. A organiza\u00e7\u00e3o da competi\u00e7\u00e3o realizada no s\u00e1bado, 12, destinou 169 litros de leite (foto) para o Fundo Social.<br \/>\nOutros 137 litros de leite foram arrecadados durante a palestra \u201cAutismo na Vis\u00e3o de um Autista\u201d ministrada em outubro por Marcos Petry.<br \/>\nO Fundo Social tamb\u00e9m recebeu 40 quilos de alimentos arrecadados durante o 6\u00ba Fuscamping &#038; Antigos realizado no m\u00eas passado no Camping Municipal.<br \/>\nOutras doa\u00e7\u00f5es vieram da 40\u00aa Fampop (1553 quilos de alimentos), do Campeonato Avareense de Xadrez Cl\u00e1ssico (86 quilos de alimentos), do Campeonato de Som Automotivo (104 quilos de alimentos) e do II Simp\u00f3sio Multidisciplinar da Surdez (81 litros de leite).<\/p>\n<p>Campanha do Agasalho<\/p>\n<p>J\u00e1 a Campanha do Agasalho 2023 promovida pelo Fundo Social arrecadou 20.101 mil pe\u00e7as at\u00e9 o momento.<br \/>\nForam beneficiadas 648 fam\u00edlias de Avar\u00e9. Al\u00e9m de roupas, o \u00f3rg\u00e3o doou mil cobertores durante o inverno, conclui o balan\u00e7o.<br \/>\nO Fundo Social fica na Rua Rio Grande do Sul, n\u00ba 1842. Outras informa\u00e7\u00f5es sobre essa e outras a\u00e7\u00f5es podem ser obtidas pelo telefone (14) 3731-2658.<\/p>\n","protected":false},"excerpt":{"rendered":"<p>Itens doados ao \u00f3g\u00e3o assistencial do munic\u00edpio s\u00e3o revertidos para fam\u00edlias assistidas Roupas, alimentos e leite s\u00e3o os principais itens recebidos em doa\u00e7\u00e3o at\u00e9 momento pelo Fundo Social de Solidariedade. A informa\u00e7\u00e3o est\u00e1 no balan\u00e7o parcial divulgado pelo \u00f3rg\u00e3o assistencial municipal. Os mantimentos s\u00e3o revertidos para fam\u00edlias assistidas e pessoas em situa\u00e7\u00e3o de vulnerabilidade social. [&hellip;]<\/p>\n","protected":false},"author":2,"featured_media":737,"comment_status":"open","ping_status":"open","sticky":false,"template":"","format":"standard","meta":{"footnotes":""},"categories":[58],"tags":[],"_links":{"self":[{"href":"https:\/\/sabuguinho.com.br\/site\/wp-json\/wp\/v2\/posts\/736"}],"collection":[{"href":"https:\/\/sabuguinho.com.br\/site\/wp-json\/wp\/v2\/posts"}],"about":[{"href":"https:\/\/sabuguinho.com.br\/site\/wp-json\/wp\/v2\/types\/post"}],"author":[{"embeddable":true,"href":"https:\/\/sabuguinho.com.br\/site\/wp-json\/wp\/v2\/users\/2"}],"replies":[{"embeddable":true,"href":"https:\/\/sabuguinho.com.br\/site\/wp-json\/wp\/v2\/comments?post=736"}],"version-history":[{"count":1,"href":"https:\/\/sabuguinho.com.br\/site\/wp-json\/wp\/v2\/posts\/736\/revisions"}],"predecessor-version":[{"id":738,"href":"https:\/\/sabuguinho.com.br\/site\/wp-json\/wp\/v2\/posts\/736\/revisions\/738"}],"wp:featuredmedia":[{"embeddable":true,"href":"https:\/\/sabuguinho.com.br\/site\/wp-json\/wp\/v2\/media\/737"}],"wp:attachment":[{"href":"https:\/\/sabuguinho.com.br\/site\/wp-json\/wp\/v2\/media?parent=736"}],"wp:term":[{"taxonomy":"category","embeddable":true,"href":"https:\/\/sabuguinho.com.br\/site\/wp-json\/wp\/v2\/categories?post=736"},{"taxonomy":"post_tag","embeddable":true,"href":"https:\/\/sabuguinho.com.br\/site\/wp-json\/wp\/v2\/tags?post=736"}],"curies":[{"name":"wp","href":"https:\/\/api.w.org\/{rel}","templated":true}]}}