{"id":7352,"date":"2024-06-06T10:51:27","date_gmt":"2024-06-06T13:51:27","guid":{"rendered":"https:\/\/sabuguinho.com.br\/site\/?p=7352"},"modified":"2024-06-06T10:51:27","modified_gmt":"2024-06-06T13:51:27","slug":"camara-de-avare-aprova-projeto-semana-do-cuidar-visando-prevencao-de-acidentes-com-criancas-jovens-e-idosos","status":"publish","type":"post","link":"https:\/\/sabuguinho.com.br\/site\/camara-de-avare-aprova-projeto-semana-do-cuidar-visando-prevencao-de-acidentes-com-criancas-jovens-e-idosos\/","title":{"rendered":"C\u00e2mara de Avar\u00e9 aprova projeto \u201cSemana do Cuidar\u201d visando preven\u00e7\u00e3o de acidentes com crian\u00e7as, jovens e idosos"},"content":{"rendered":"<p>O projeto autoriza ainda o estabelecimento de parcerias P\u00fablico-Privadas para obter maior alcance.<\/p>\n<p>A C\u00e2mara de Vereadores de Avar\u00e9 aprovou o Projeto de Lei que disp\u00f5e sobre a cria\u00e7\u00e3o da \u201cSemana do Cuidar\u201d. O texto, de autoria do vereador Moacir Lima, foi aprovado por unanimidade na sess\u00e3o ordin\u00e1ria realizada na ter\u00e7a-feira, 4 de junho.<br \/>\nA \u201cSemana do Cuidar\u201d busca a orienta\u00e7\u00e3o e preven\u00e7\u00e3o de acidentes com crian\u00e7as, adolescentes, idosos e portadores de necessidades especiais. A semana poder\u00e1 ser desenvolvida na \u00faltima semana de setembro, implementando a\u00e7\u00f5es positivas visando a orienta\u00e7\u00e3o e preven\u00e7\u00e3o dos acidentes.<br \/>\nO projeto autoriza ainda o estabelecimento de parcerias P\u00fablico-Privadas para obter maior alcance.<br \/>\nSegundo a justificativa do projeto, h\u00e1 a necessidade de atua\u00e7\u00e3o do munic\u00edpio em a\u00e7\u00f5es positivas de preven\u00e7\u00e3o de acidentes, visando a prote\u00e7\u00e3o da sa\u00fade da popula\u00e7\u00e3o em geral, evitando que eventos danosos aconte\u00e7am e assim protegendo o sistema de sa\u00fade.<br \/>\nA \u201cSemana do Cuidar\u201d passar\u00e1 a constar no Calend\u00e1rio Oficial de Eventos do Munic\u00edpio de Avar\u00e9 buscando envolver toda a sociedade a trabalhar diretamente com o p\u00fablico-alvo ou os respons\u00e1veis por eles.<br \/>\nO projeto busca ainda instituir um protocolo de preven\u00e7\u00e3o nas escolas de Avar\u00e9 a fim de prevenir ataques a institui\u00e7\u00f5es de ensino. Outra necessidade de orienta\u00e7\u00e3o \u00e9 na forma como s\u00e3o guardados os produtos de limpeza, rem\u00e9dios e outros produtos qu\u00edmicos em uma resid\u00eancia, visando evitar que crian\u00e7as, idosos e pessoas com defici\u00eancia, tenham acesso a eles.<br \/>\nA propositura destaca que estatisticamente, no ano de 2022, ocorreram no Brasil cerca de 8,6 mil mortes com crian\u00e7as e adolescentes at\u00e9 quatorze anos de idade decorrentes de acidentes dom\u00e9sticos.<br \/>\nPor fim, o projeto destaca que a cultura de preven\u00e7\u00e3o \u00e9 a principal sa\u00edda para que se consiga uma redu\u00e7\u00e3o nessas estat\u00edsticas,<br \/>\nO projeto recebeu parecer favor\u00e1vel na Divis\u00e3o Jur\u00eddica da C\u00e2mara e nas comiss\u00f5es de Constitui\u00e7\u00e3o, Justi\u00e7a e Reda\u00e7\u00e3o; e de Finan\u00e7as, Or\u00e7amento e Direito do Consumidor.<br \/>\nA Lei entrar\u00e1 em vigor ap\u00f3s san\u00e7\u00e3o do Poder Executivo e publica\u00e7\u00e3o nos canais oficiais de Avar\u00e9.   &#8211;<\/p>\n","protected":false},"excerpt":{"rendered":"<p>O projeto autoriza ainda o estabelecimento de parcerias P\u00fablico-Privadas para obter maior alcance. A C\u00e2mara de Vereadores de Avar\u00e9 aprovou o Projeto de Lei que disp\u00f5e sobre a cria\u00e7\u00e3o da \u201cSemana do Cuidar\u201d. O texto, de autoria do vereador Moacir Lima, foi aprovado por unanimidade na sess\u00e3o ordin\u00e1ria realizada na ter\u00e7a-feira, 4 de junho. A [&hellip;]<\/p>\n","protected":false},"author":2,"featured_media":3464,"comment_status":"open","ping_status":"open","sticky":false,"template":"","format":"standard","meta":{"footnotes":""},"categories":[58],"tags":[],"class_list":["post-7352","post","type-post","status-publish","format-standard","has-post-thumbnail","hentry","category-noticias-locais"],"_links":{"self":[{"href":"https:\/\/sabuguinho.com.br\/site\/wp-json\/wp\/v2\/posts\/7352","targetHints":{"allow":["GET"]}}],"collection":[{"href":"https:\/\/sabuguinho.com.br\/site\/wp-json\/wp\/v2\/posts"}],"about":[{"href":"https:\/\/sabuguinho.com.br\/site\/wp-json\/wp\/v2\/types\/post"}],"author":[{"embeddable":true,"href":"https:\/\/sabuguinho.com.br\/site\/wp-json\/wp\/v2\/users\/2"}],"replies":[{"embeddable":true,"href":"https:\/\/sabuguinho.com.br\/site\/wp-json\/wp\/v2\/comments?post=7352"}],"version-history":[{"count":1,"href":"https:\/\/sabuguinho.com.br\/site\/wp-json\/wp\/v2\/posts\/7352\/revisions"}],"predecessor-version":[{"id":7353,"href":"https:\/\/sabuguinho.com.br\/site\/wp-json\/wp\/v2\/posts\/7352\/revisions\/7353"}],"wp:featuredmedia":[{"embeddable":true,"href":"https:\/\/sabuguinho.com.br\/site\/wp-json\/wp\/v2\/media\/3464"}],"wp:attachment":[{"href":"https:\/\/sabuguinho.com.br\/site\/wp-json\/wp\/v2\/media?parent=7352"}],"wp:term":[{"taxonomy":"category","embeddable":true,"href":"https:\/\/sabuguinho.com.br\/site\/wp-json\/wp\/v2\/categories?post=7352"},{"taxonomy":"post_tag","embeddable":true,"href":"https:\/\/sabuguinho.com.br\/site\/wp-json\/wp\/v2\/tags?post=7352"}],"curies":[{"name":"wp","href":"https:\/\/api.w.org\/{rel}","templated":true}]}}