{"id":7345,"date":"2024-06-06T09:42:30","date_gmt":"2024-06-06T12:42:30","guid":{"rendered":"https:\/\/sabuguinho.com.br\/site\/?p=7345"},"modified":"2024-06-06T09:54:02","modified_gmt":"2024-06-06T12:54:02","slug":"7345-2","status":"publish","type":"post","link":"https:\/\/sabuguinho.com.br\/site\/7345-2\/","title":{"rendered":"ITA\u00cd  &#8211;  Pol\u00edcia Civil prende homem por posse de material pornogr\u00e1fico envolvendo menor de idade"},"content":{"rendered":"<p>Uma a\u00e7\u00e3o desenvolvida pela Pol\u00edcia Civil na quarta-feira, dia 05\/6, na Vila Capit\u00e3o Ces\u00e1rio, em Ita\u00ed, resultou na pris\u00e3o em flagrante delito de um jovem de 23 anos por posse de material pornogr\u00e1fico envolvendo menor de idade.<br \/>\nA opera\u00e7\u00e3o teve como alvo a resid\u00eancia do investigado, e foi motivada por den\u00fancias recebidas pela Delegacia da cidade. Um mandado de busca e apreens\u00e3o domiciliar expedido pelo Poder Judici\u00e1rio foi cumprido no local, onde foram apreendidos diversos aparelhos de telefone celular.<br \/>\nAp\u00f3s obter autoriza\u00e7\u00e3o judicial, os investigadores procederam \u00e0 an\u00e1lise dos dados armazenados nos dispositivos eletr\u00f4nicos, que resultou na descoberta do crime: um v\u00eddeo contendo cenas de sexo expl\u00edcito com um menor de idade estava entre os arquivos encontrados.<br \/>\nAl\u00e9m do v\u00eddeo, a inspe\u00e7\u00e3o nos telefones encontrados na casa identificou ind\u00edcios de participa\u00e7\u00e3o do investigado em grupos online que compartilhavam conte\u00fado pornogr\u00e1fico, incluindo grupos de pedofilia.<br \/>\nDiante das evid\u00eancias contundentes, o indiv\u00edduo respons\u00e1vel pela posse desses materiais foi detido em flagrante, em conformidade com o que disp\u00f5e o artigo 241-A do Estatuto da Crian\u00e7a e do Adolescente (ECA), que define o crime cometido. A pena \u00e9 de reclus\u00e3o, de 3 a 6 anos, e multa.<br \/>\nO suspeito foi conduzido \u00e0 Delegacia de Ita\u00ed e aguarda a audi\u00eancia de cust\u00f3dia. Caso a priva\u00e7\u00e3o de liberdade seja mantida, com a convers\u00e3o da pris\u00e3o, de flagrante para preventiva, o indiv\u00edduo dever\u00e1 se removido para uma das unidades do sistema penitenci\u00e1rio da regi\u00e3o.<\/p>\n","protected":false},"excerpt":{"rendered":"<p>Uma a\u00e7\u00e3o desenvolvida pela Pol\u00edcia Civil na quarta-feira, dia 05\/6, na Vila Capit\u00e3o Ces\u00e1rio, em Ita\u00ed, resultou na pris\u00e3o em flagrante delito de um jovem de 23 anos por posse de material pornogr\u00e1fico envolvendo menor de idade. A opera\u00e7\u00e3o teve como alvo a resid\u00eancia do investigado, e foi motivada por den\u00fancias recebidas pela Delegacia da [&hellip;]<\/p>\n","protected":false},"author":2,"featured_media":7346,"comment_status":"open","ping_status":"open","sticky":false,"template":"","format":"standard","meta":{"footnotes":""},"categories":[52],"tags":[],"class_list":["post-7345","post","type-post","status-publish","format-standard","has-post-thumbnail","hentry","category-policiais"],"_links":{"self":[{"href":"https:\/\/sabuguinho.com.br\/site\/wp-json\/wp\/v2\/posts\/7345","targetHints":{"allow":["GET"]}}],"collection":[{"href":"https:\/\/sabuguinho.com.br\/site\/wp-json\/wp\/v2\/posts"}],"about":[{"href":"https:\/\/sabuguinho.com.br\/site\/wp-json\/wp\/v2\/types\/post"}],"author":[{"embeddable":true,"href":"https:\/\/sabuguinho.com.br\/site\/wp-json\/wp\/v2\/users\/2"}],"replies":[{"embeddable":true,"href":"https:\/\/sabuguinho.com.br\/site\/wp-json\/wp\/v2\/comments?post=7345"}],"version-history":[{"count":3,"href":"https:\/\/sabuguinho.com.br\/site\/wp-json\/wp\/v2\/posts\/7345\/revisions"}],"predecessor-version":[{"id":7349,"href":"https:\/\/sabuguinho.com.br\/site\/wp-json\/wp\/v2\/posts\/7345\/revisions\/7349"}],"wp:featuredmedia":[{"embeddable":true,"href":"https:\/\/sabuguinho.com.br\/site\/wp-json\/wp\/v2\/media\/7346"}],"wp:attachment":[{"href":"https:\/\/sabuguinho.com.br\/site\/wp-json\/wp\/v2\/media?parent=7345"}],"wp:term":[{"taxonomy":"category","embeddable":true,"href":"https:\/\/sabuguinho.com.br\/site\/wp-json\/wp\/v2\/categories?post=7345"},{"taxonomy":"post_tag","embeddable":true,"href":"https:\/\/sabuguinho.com.br\/site\/wp-json\/wp\/v2\/tags?post=7345"}],"curies":[{"name":"wp","href":"https:\/\/api.w.org\/{rel}","templated":true}]}}