{"id":7342,"date":"2024-06-06T02:43:47","date_gmt":"2024-06-06T05:43:47","guid":{"rendered":"https:\/\/sabuguinho.com.br\/site\/?p=7342"},"modified":"2024-06-06T02:43:47","modified_gmt":"2024-06-06T05:43:47","slug":"preocupacao-com-seguranca-e-bem-estar-de-criancas-motiva-pedido-de-abertura-antecipada-de-escolas-em-avare","status":"publish","type":"post","link":"https:\/\/sabuguinho.com.br\/site\/preocupacao-com-seguranca-e-bem-estar-de-criancas-motiva-pedido-de-abertura-antecipada-de-escolas-em-avare\/","title":{"rendered":"PREOCUPA\u00c7\u00c3O COM SEGURAN\u00c7A E BEM-ESTAR DE CRIAN\u00c7AS MOTIVA PEDIDO DE ABERTURA ANTECIPADA DE ESCOLAS EM AVAR\u00c9"},"content":{"rendered":"<p>A vereadora Carla Flores (MDB) denunciou na sess\u00e3o da C\u00e2mara de Avar\u00e9, na ter\u00e7a-feira (4), a situa\u00e7\u00e3o preocupante enfrentada por alunos e pais de diversas escolas e creches municipais. Segundo a parlamentar, as crian\u00e7as que chegam antes das 7h da manh\u00e3 s\u00e3o obrigadas a esperar no frio, em frente aos port\u00f5es fechados.<br \/>\n\u201cNa Escola Anna Novaes, as crian\u00e7as que chegam antes das 7h ficam expostas ao frio enquanto esperam o port\u00e3o abrir. J\u00e1 conversei com a secret\u00e1ria para que a abertura seja antecipada em pelo menos 15 minutos. N\u00e3o h\u00e1 motivo para que isso n\u00e3o seja feito\u201d, ressaltouCarla Flores.<br \/>\nA vereadora ainda alertou para a situa\u00e7\u00e3o nas creches municipais, onde o problema tamb\u00e9m se repete. \u201cAs crian\u00e7as da zona rural chegam \u00e0 escola de \u00f4nibus e ficam expostas ao tempo enquanto esperam a unidade abrir. Isso coloca em risco a seguran\u00e7a e o bem-estar delas\u201d, afirmou.<br \/>\nCarla Flores tamb\u00e9m destacou o receio das m\u00e3es em rela\u00e7\u00e3o \u00e0 seguran\u00e7a das crian\u00e7as. \u201cMuitas m\u00e3es me relataram que t\u00eam medo de deixar seus filhos na porta da escola fechada. Al\u00e9m do frio, elas correm o risco de se atrasar no trabalho\u201d, disse a vereadora.<br \/>\nDiante da situa\u00e7\u00e3o, Carla Flores fez um apelo \u00e0s diretoras das escolas municipais. \u201cPe\u00e7o que as diretoras, com o aval da Secretaria de Educa\u00e7\u00e3o, abram as escolas 15 minutos antes do hor\u00e1rio oficial. \u00c9 uma medida simples que pode fazer a diferen\u00e7a na vida das crian\u00e7as e seus pais\u201d, finalizou a vereadora.<\/p>\n","protected":false},"excerpt":{"rendered":"<p>A vereadora Carla Flores (MDB) denunciou na sess\u00e3o da C\u00e2mara de Avar\u00e9, na ter\u00e7a-feira (4), a situa\u00e7\u00e3o preocupante enfrentada por alunos e pais de diversas escolas e creches municipais. Segundo a parlamentar, as crian\u00e7as que chegam antes das 7h da manh\u00e3 s\u00e3o obrigadas a esperar no frio, em frente aos port\u00f5es fechados. \u201cNa Escola Anna [&hellip;]<\/p>\n","protected":false},"author":2,"featured_media":7343,"comment_status":"open","ping_status":"open","sticky":false,"template":"","format":"standard","meta":{"footnotes":""},"categories":[58],"tags":[],"class_list":["post-7342","post","type-post","status-publish","format-standard","has-post-thumbnail","hentry","category-noticias-locais"],"_links":{"self":[{"href":"https:\/\/sabuguinho.com.br\/site\/wp-json\/wp\/v2\/posts\/7342","targetHints":{"allow":["GET"]}}],"collection":[{"href":"https:\/\/sabuguinho.com.br\/site\/wp-json\/wp\/v2\/posts"}],"about":[{"href":"https:\/\/sabuguinho.com.br\/site\/wp-json\/wp\/v2\/types\/post"}],"author":[{"embeddable":true,"href":"https:\/\/sabuguinho.com.br\/site\/wp-json\/wp\/v2\/users\/2"}],"replies":[{"embeddable":true,"href":"https:\/\/sabuguinho.com.br\/site\/wp-json\/wp\/v2\/comments?post=7342"}],"version-history":[{"count":1,"href":"https:\/\/sabuguinho.com.br\/site\/wp-json\/wp\/v2\/posts\/7342\/revisions"}],"predecessor-version":[{"id":7344,"href":"https:\/\/sabuguinho.com.br\/site\/wp-json\/wp\/v2\/posts\/7342\/revisions\/7344"}],"wp:featuredmedia":[{"embeddable":true,"href":"https:\/\/sabuguinho.com.br\/site\/wp-json\/wp\/v2\/media\/7343"}],"wp:attachment":[{"href":"https:\/\/sabuguinho.com.br\/site\/wp-json\/wp\/v2\/media?parent=7342"}],"wp:term":[{"taxonomy":"category","embeddable":true,"href":"https:\/\/sabuguinho.com.br\/site\/wp-json\/wp\/v2\/categories?post=7342"},{"taxonomy":"post_tag","embeddable":true,"href":"https:\/\/sabuguinho.com.br\/site\/wp-json\/wp\/v2\/tags?post=7342"}],"curies":[{"name":"wp","href":"https:\/\/api.w.org\/{rel}","templated":true}]}}