{"id":7328,"date":"2024-06-05T15:10:12","date_gmt":"2024-06-05T18:10:12","guid":{"rendered":"https:\/\/sabuguinho.com.br\/site\/?p=7328"},"modified":"2024-06-05T15:10:12","modified_gmt":"2024-06-05T18:10:12","slug":"meio-ambiente-dia-mundial-do-meio-ambiente-e-celebrado-com-passeata-em-avare","status":"publish","type":"post","link":"https:\/\/sabuguinho.com.br\/site\/meio-ambiente-dia-mundial-do-meio-ambiente-e-celebrado-com-passeata-em-avare\/","title":{"rendered":"MEIO AMBIENTE &#8211; Dia Mundial do Meio Ambiente \u00e9 celebrado com passeata em Avar\u00e9"},"content":{"rendered":"<p>Alunos de escolas municipais caminharam pelo centro portando cartazes e destacando import\u00e2ncia da preserva\u00e7\u00e3o<\/p>\n<p>O Dia Mundial do Meio Ambiente foi celebrado com uma passeata protagonizada por alunos de escolas municipais de Avar\u00e9.<br \/>\nParceria entre Secretaria Municipal de Meio Ambiente e Secretaria Municipal de Educa\u00e7\u00e3o, o ato reuniu estudantes do 4\u00ba e 5\u00ba ano das escolas \u201cCarlos Papa\u201d, \u201cMaria Pierina Domiciano Silvestre\u201d, \u201cJos\u00e9 Rebou\u00e7as de Carvalho\u201d e \u201cAnna Novaes de Carvalho\u201d.<br \/>\nA concentra\u00e7\u00e3o ocorreu na Pra\u00e7a \u201cPrefeito Romeu Bretas\u201d (Concha Ac\u00fastica). Acompanhados dos docentes, os alunos caminharam pela Rua Pernambuco at\u00e9 o Horto Florestal, um dos cart\u00f5es-postais da est\u00e2ncia tur\u00edstica.<br \/>\nEles levaram cartazes e proferiram frases sobre a import\u00e2ncia da preserva\u00e7\u00e3o ambiental durante a passagem pelo centro da cidade.<br \/>\nA proposta foi chamar a aten\u00e7\u00e3o da popula\u00e7\u00e3o sobre a import\u00e2ncia da sustentabilidade. \u201cPreservar hoje \u00e9 fundamental para a exist\u00eancia dessa e das futuras gera\u00e7\u00f5es\u201d, ressaltou o secret\u00e1rio Jud\u00e9sio Borges, titular do Meio Ambiente.<br \/>\nA edi\u00e7\u00e3o foi conclu\u00edda com uma palestra no Horto Florestal ministrada pela equipe do Meio Ambiente.<br \/>\nO evento contou com o apoio da Pol\u00edcia Militar, que garantiu seguran\u00e7a das crian\u00e7as durante o deslocamento.<\/p>\n<p>Mais a\u00e7\u00f5es<\/p>\n<p>O Dia Mundial do Meio Ambiente \u00e9 celebrado em 5 de junho. A equipe de inform\u00e1tica da Rede Municipal de Ensino aproveitou a data para trabalhar o tema coleta seletiva durante as aulas.<br \/>\nOs alunos participaram de din\u00e2micas sobre o assunto e visitaram as diferentes lixeiras utilizadas para acondicionar os diferentes tipos de material.<\/p>\n<p><img loading=\"lazy\" decoding=\"async\" src=\"https:\/\/sabuguinho.com.br\/site\/wp-content\/uploads\/2024\/06\/Alunos-percorreram-o-centro-da-cidade-com-cartazes-5-150x100.jpg\" alt=\"\" width=\"150\" height=\"100\" class=\"alignnone size-medium wp-image-7329\" srcset=\"https:\/\/sabuguinho.com.br\/site\/wp-content\/uploads\/2024\/06\/Alunos-percorreram-o-centro-da-cidade-com-cartazes-5-150x100.jpg 150w, https:\/\/sabuguinho.com.br\/site\/wp-content\/uploads\/2024\/06\/Alunos-percorreram-o-centro-da-cidade-com-cartazes-5-512x341.jpg 512w, https:\/\/sabuguinho.com.br\/site\/wp-content\/uploads\/2024\/06\/Alunos-percorreram-o-centro-da-cidade-com-cartazes-5-768x512.jpg 768w, https:\/\/sabuguinho.com.br\/site\/wp-content\/uploads\/2024\/06\/Alunos-percorreram-o-centro-da-cidade-com-cartazes-5-1536x1024.jpg 1536w, https:\/\/sabuguinho.com.br\/site\/wp-content\/uploads\/2024\/06\/Alunos-percorreram-o-centro-da-cidade-com-cartazes-5-2048x1365.jpg 2048w, https:\/\/sabuguinho.com.br\/site\/wp-content\/uploads\/2024\/06\/Alunos-percorreram-o-centro-da-cidade-com-cartazes-5-750x500.jpg 750w, https:\/\/sabuguinho.com.br\/site\/wp-content\/uploads\/2024\/06\/Alunos-percorreram-o-centro-da-cidade-com-cartazes-5-1140x760.jpg 1140w\" sizes=\"auto, (max-width: 150px) 100vw, 150px\" \/><\/p>\n<p><img loading=\"lazy\" decoding=\"async\" src=\"https:\/\/sabuguinho.com.br\/site\/wp-content\/uploads\/2024\/06\/Alunos-percorreram-o-centro-da-cidade-com-cartazes-4-150x100.jpg\" alt=\"\" width=\"150\" height=\"100\" class=\"alignnone size-medium wp-image-7330\" srcset=\"https:\/\/sabuguinho.com.br\/site\/wp-content\/uploads\/2024\/06\/Alunos-percorreram-o-centro-da-cidade-com-cartazes-4-150x100.jpg 150w, https:\/\/sabuguinho.com.br\/site\/wp-content\/uploads\/2024\/06\/Alunos-percorreram-o-centro-da-cidade-com-cartazes-4-512x341.jpg 512w, https:\/\/sabuguinho.com.br\/site\/wp-content\/uploads\/2024\/06\/Alunos-percorreram-o-centro-da-cidade-com-cartazes-4-768x512.jpg 768w, https:\/\/sabuguinho.com.br\/site\/wp-content\/uploads\/2024\/06\/Alunos-percorreram-o-centro-da-cidade-com-cartazes-4-1536x1024.jpg 1536w, https:\/\/sabuguinho.com.br\/site\/wp-content\/uploads\/2024\/06\/Alunos-percorreram-o-centro-da-cidade-com-cartazes-4-2048x1365.jpg 2048w, https:\/\/sabuguinho.com.br\/site\/wp-content\/uploads\/2024\/06\/Alunos-percorreram-o-centro-da-cidade-com-cartazes-4-750x500.jpg 750w, https:\/\/sabuguinho.com.br\/site\/wp-content\/uploads\/2024\/06\/Alunos-percorreram-o-centro-da-cidade-com-cartazes-4-1140x760.jpg 1140w\" sizes=\"auto, (max-width: 150px) 100vw, 150px\" \/><\/p>\n<p><img loading=\"lazy\" decoding=\"async\" src=\"https:\/\/sabuguinho.com.br\/site\/wp-content\/uploads\/2024\/06\/Alunos-percorreram-o-centro-da-cidade-com-cartazes-3-150x100.jpg\" alt=\"\" width=\"150\" height=\"100\" class=\"alignnone size-medium wp-image-7331\" srcset=\"https:\/\/sabuguinho.com.br\/site\/wp-content\/uploads\/2024\/06\/Alunos-percorreram-o-centro-da-cidade-com-cartazes-3-150x100.jpg 150w, https:\/\/sabuguinho.com.br\/site\/wp-content\/uploads\/2024\/06\/Alunos-percorreram-o-centro-da-cidade-com-cartazes-3-512x341.jpg 512w, https:\/\/sabuguinho.com.br\/site\/wp-content\/uploads\/2024\/06\/Alunos-percorreram-o-centro-da-cidade-com-cartazes-3-768x512.jpg 768w, https:\/\/sabuguinho.com.br\/site\/wp-content\/uploads\/2024\/06\/Alunos-percorreram-o-centro-da-cidade-com-cartazes-3-1536x1024.jpg 1536w, https:\/\/sabuguinho.com.br\/site\/wp-content\/uploads\/2024\/06\/Alunos-percorreram-o-centro-da-cidade-com-cartazes-3-2048x1365.jpg 2048w, https:\/\/sabuguinho.com.br\/site\/wp-content\/uploads\/2024\/06\/Alunos-percorreram-o-centro-da-cidade-com-cartazes-3-750x500.jpg 750w, https:\/\/sabuguinho.com.br\/site\/wp-content\/uploads\/2024\/06\/Alunos-percorreram-o-centro-da-cidade-com-cartazes-3-1140x760.jpg 1140w\" sizes=\"auto, (max-width: 150px) 100vw, 150px\" \/><\/p>\n<p><img loading=\"lazy\" decoding=\"async\" src=\"https:\/\/sabuguinho.com.br\/site\/wp-content\/uploads\/2024\/06\/Alunos-percorreram-o-centro-da-cidade-com-cartazes-2-150x100.jpg\" alt=\"\" width=\"150\" height=\"100\" class=\"alignnone size-medium wp-image-7332\" srcset=\"https:\/\/sabuguinho.com.br\/site\/wp-content\/uploads\/2024\/06\/Alunos-percorreram-o-centro-da-cidade-com-cartazes-2-150x100.jpg 150w, https:\/\/sabuguinho.com.br\/site\/wp-content\/uploads\/2024\/06\/Alunos-percorreram-o-centro-da-cidade-com-cartazes-2-512x341.jpg 512w, https:\/\/sabuguinho.com.br\/site\/wp-content\/uploads\/2024\/06\/Alunos-percorreram-o-centro-da-cidade-com-cartazes-2-768x512.jpg 768w, https:\/\/sabuguinho.com.br\/site\/wp-content\/uploads\/2024\/06\/Alunos-percorreram-o-centro-da-cidade-com-cartazes-2-1536x1024.jpg 1536w, https:\/\/sabuguinho.com.br\/site\/wp-content\/uploads\/2024\/06\/Alunos-percorreram-o-centro-da-cidade-com-cartazes-2-2048x1365.jpg 2048w, https:\/\/sabuguinho.com.br\/site\/wp-content\/uploads\/2024\/06\/Alunos-percorreram-o-centro-da-cidade-com-cartazes-2-750x500.jpg 750w, https:\/\/sabuguinho.com.br\/site\/wp-content\/uploads\/2024\/06\/Alunos-percorreram-o-centro-da-cidade-com-cartazes-2-1140x760.jpg 1140w\" sizes=\"auto, (max-width: 150px) 100vw, 150px\" \/><\/p>\n","protected":false},"excerpt":{"rendered":"<p>Alunos de escolas municipais caminharam pelo centro portando cartazes e destacando import\u00e2ncia da preserva\u00e7\u00e3o O Dia Mundial do Meio Ambiente foi celebrado com uma passeata protagonizada por alunos de escolas municipais de Avar\u00e9. Parceria entre Secretaria Municipal de Meio Ambiente e Secretaria Municipal de Educa\u00e7\u00e3o, o ato reuniu estudantes do 4\u00ba e 5\u00ba ano das [&hellip;]<\/p>\n","protected":false},"author":2,"featured_media":7333,"comment_status":"open","ping_status":"open","sticky":false,"template":"","format":"standard","meta":{"footnotes":""},"categories":[58],"tags":[],"class_list":["post-7328","post","type-post","status-publish","format-standard","has-post-thumbnail","hentry","category-noticias-locais"],"_links":{"self":[{"href":"https:\/\/sabuguinho.com.br\/site\/wp-json\/wp\/v2\/posts\/7328","targetHints":{"allow":["GET"]}}],"collection":[{"href":"https:\/\/sabuguinho.com.br\/site\/wp-json\/wp\/v2\/posts"}],"about":[{"href":"https:\/\/sabuguinho.com.br\/site\/wp-json\/wp\/v2\/types\/post"}],"author":[{"embeddable":true,"href":"https:\/\/sabuguinho.com.br\/site\/wp-json\/wp\/v2\/users\/2"}],"replies":[{"embeddable":true,"href":"https:\/\/sabuguinho.com.br\/site\/wp-json\/wp\/v2\/comments?post=7328"}],"version-history":[{"count":1,"href":"https:\/\/sabuguinho.com.br\/site\/wp-json\/wp\/v2\/posts\/7328\/revisions"}],"predecessor-version":[{"id":7334,"href":"https:\/\/sabuguinho.com.br\/site\/wp-json\/wp\/v2\/posts\/7328\/revisions\/7334"}],"wp:featuredmedia":[{"embeddable":true,"href":"https:\/\/sabuguinho.com.br\/site\/wp-json\/wp\/v2\/media\/7333"}],"wp:attachment":[{"href":"https:\/\/sabuguinho.com.br\/site\/wp-json\/wp\/v2\/media?parent=7328"}],"wp:term":[{"taxonomy":"category","embeddable":true,"href":"https:\/\/sabuguinho.com.br\/site\/wp-json\/wp\/v2\/categories?post=7328"},{"taxonomy":"post_tag","embeddable":true,"href":"https:\/\/sabuguinho.com.br\/site\/wp-json\/wp\/v2\/tags?post=7328"}],"curies":[{"name":"wp","href":"https:\/\/api.w.org\/{rel}","templated":true}]}}