{"id":7318,"date":"2024-06-05T13:07:05","date_gmt":"2024-06-05T16:07:05","guid":{"rendered":"https:\/\/sabuguinho.com.br\/site\/?p=7318"},"modified":"2024-06-05T13:07:05","modified_gmt":"2024-06-05T16:07:05","slug":"justica-nega-retorno-de-jairinho-do-paineiras-como-vereador-da-camara-de-avare","status":"publish","type":"post","link":"https:\/\/sabuguinho.com.br\/site\/justica-nega-retorno-de-jairinho-do-paineiras-como-vereador-da-camara-de-avare\/","title":{"rendered":"JUSTI\u00c7A NEGA RETORNO DE JAIRINHO DO PAINEIRAS COMO VEREADOR DA C\u00c2MARA DE AVAR\u00c9"},"content":{"rendered":"<p>O Juiz da 1\u00aa Vara Civil do F\u00f3rum de Avar\u00e9, Augusto Bruno Mandelli, negou o pedido de Jairinho do Paineiras para retornar ao cargo de vereador na C\u00e2mara Municipal. Jairinho teve o mandato extinto em abril de 2023 ap\u00f3s decis\u00e3o da Justi\u00e7a Federal por condena\u00e7\u00e3o por crime de sonega\u00e7\u00e3o fiscal.<br \/>\nNo mandado de seguran\u00e7a, Jairinho alega que \u201cap\u00f3s a quita\u00e7\u00e3o do valor pecuni\u00e1rio a que fora condenado, houve a extin\u00e7\u00e3o da punibilidade do crime, com o restabelecimento dos direitos pol\u00edticos do impetrante pelo Ju\u00edzo da Execu\u00e7\u00e3o Criminal. Assim, o impetrante requereu junto \u00e0 C\u00e2mara a revis\u00e3o do decreto com o seu retorno \u00e0 casa como vereador\u201d.<br \/>\nEm sua decis\u00e3o, o magistrado ressaltou a necessidade de que a C\u00e2mara Municipal, na posi\u00e7\u00e3o de r\u00e9, apresente suas informa\u00e7\u00f5es e argumentos sobre o caso. Isso visa esclarecer os pontos levantados por Jairinho e evitar que o Judici\u00e1rio interfira nas decis\u00f5es do Legislativo.<br \/>\nAinda segundo o magistrado, n\u00e3o foi demonstrado pelo ex-vereador a viola\u00e7\u00e3o do direito para que a liminar fosse concedida.<br \/>\nDiante dos fatos, o judici\u00e1rio de Avar\u00e9 negou a liminar. A decis\u00e3o \u00e9 do dia 3 de junho.<\/p>\n<p>ENTENDA \u2013 Jairinho foi condenado por crime de ordem tribut\u00e1ria \u00e0s penas de dois anos e quatro meses de reclus\u00e3o, em regime inicial aberto, e onze dias-multa, no valor unit\u00e1rio de um quarto do sal\u00e1rio-m\u00ednimo vigente na data dos fatos, sendo substitu\u00edda a pena privativa de liberdade por duas restritivas de direitos, com redu\u00e7\u00e3o da presta\u00e7\u00e3o pecuni\u00e1ria ao importe equivalente a 5 sal\u00e1rios m\u00ednimos.<br \/>\nEle tamb\u00e9m foi condenado a perda do mandato de vereador da C\u00e2mara de Avar\u00e9.<br \/>\nEm abril de 2023, a ent\u00e3o Mesa Diretora, encabe\u00e7ada pelo presidente da C\u00e2mara \u00e0 \u00e9poca, vereador L\u00e9o Ripoli, em cumprimento a decis\u00e3o judicial, editou o Decreto Legislativo 363\/2023 que tornou extinto o mandato de vereador de Jairinho do Paineiras.<br \/>\nAp\u00f3s a quita\u00e7\u00e3o integral do d\u00e9bito tribut\u00e1rio, a Justi\u00e7a Federal acatou a tese sobre a extin\u00e7\u00e3o da punibilidade referente a sonega\u00e7\u00e3o fiscal, na qual Jairinho foi condenado a 2 anos e 4 meses de reclus\u00e3o, substitu\u00edda por duas penas restritivas de direito.<br \/>\nPor\u00e9m, o magistrado n\u00e3o afastou a condena\u00e7\u00e3o chamada de \u201csecund\u00e1ria\u201d, que foi a determina\u00e7\u00e3o da perda de mandato de vereador, pois teve uma condena\u00e7\u00e3o criminal transitada em julgado.<br \/>\nDesde ent\u00e3o, Jairinho tenta retornar \u00e0 fun\u00e7\u00e3o de vereador de Avar\u00e9.<\/p>\n","protected":false},"excerpt":{"rendered":"<p>O Juiz da 1\u00aa Vara Civil do F\u00f3rum de Avar\u00e9, Augusto Bruno Mandelli, negou o pedido de Jairinho do Paineiras para retornar ao cargo de vereador na C\u00e2mara Municipal. Jairinho teve o mandato extinto em abril de 2023 ap\u00f3s decis\u00e3o da Justi\u00e7a Federal por condena\u00e7\u00e3o por crime de sonega\u00e7\u00e3o fiscal. No mandado de seguran\u00e7a, Jairinho [&hellip;]<\/p>\n","protected":false},"author":2,"featured_media":7319,"comment_status":"open","ping_status":"open","sticky":false,"template":"","format":"standard","meta":{"footnotes":""},"categories":[1],"tags":[],"class_list":["post-7318","post","type-post","status-publish","format-standard","has-post-thumbnail","hentry","category-politicas-em-geral"],"_links":{"self":[{"href":"https:\/\/sabuguinho.com.br\/site\/wp-json\/wp\/v2\/posts\/7318","targetHints":{"allow":["GET"]}}],"collection":[{"href":"https:\/\/sabuguinho.com.br\/site\/wp-json\/wp\/v2\/posts"}],"about":[{"href":"https:\/\/sabuguinho.com.br\/site\/wp-json\/wp\/v2\/types\/post"}],"author":[{"embeddable":true,"href":"https:\/\/sabuguinho.com.br\/site\/wp-json\/wp\/v2\/users\/2"}],"replies":[{"embeddable":true,"href":"https:\/\/sabuguinho.com.br\/site\/wp-json\/wp\/v2\/comments?post=7318"}],"version-history":[{"count":1,"href":"https:\/\/sabuguinho.com.br\/site\/wp-json\/wp\/v2\/posts\/7318\/revisions"}],"predecessor-version":[{"id":7320,"href":"https:\/\/sabuguinho.com.br\/site\/wp-json\/wp\/v2\/posts\/7318\/revisions\/7320"}],"wp:featuredmedia":[{"embeddable":true,"href":"https:\/\/sabuguinho.com.br\/site\/wp-json\/wp\/v2\/media\/7319"}],"wp:attachment":[{"href":"https:\/\/sabuguinho.com.br\/site\/wp-json\/wp\/v2\/media?parent=7318"}],"wp:term":[{"taxonomy":"category","embeddable":true,"href":"https:\/\/sabuguinho.com.br\/site\/wp-json\/wp\/v2\/categories?post=7318"},{"taxonomy":"post_tag","embeddable":true,"href":"https:\/\/sabuguinho.com.br\/site\/wp-json\/wp\/v2\/tags?post=7318"}],"curies":[{"name":"wp","href":"https:\/\/api.w.org\/{rel}","templated":true}]}}