{"id":7305,"date":"2024-06-05T09:47:05","date_gmt":"2024-06-05T12:47:05","guid":{"rendered":"https:\/\/sabuguinho.com.br\/site\/?p=7305"},"modified":"2024-06-05T09:47:05","modified_gmt":"2024-06-05T12:47:05","slug":"bate-boca-entre-vereadores-marca-a-sessao-da-camara-de-avare-veja-video","status":"publish","type":"post","link":"https:\/\/sabuguinho.com.br\/site\/bate-boca-entre-vereadores-marca-a-sessao-da-camara-de-avare-veja-video\/","title":{"rendered":"BATE-BOCA ENTRE VEREADORES MARCA A SESS\u00c3O DA C\u00c2MARA DE AVAR\u00c9; VEJA V\u00cdDEO"},"content":{"rendered":"<p>A sess\u00e3o ordin\u00e1ria da C\u00e2mara de Avar\u00e9, realizada na ter\u00e7a-feira (4), foi marcada por um bate-boca acalorado entre os vereadores Tenente Carlos Wagner (PSD) e Fl\u00e1vio Zandon\u00e1 (Republicanos). O clima esquentou durante a fala livre, quando Wagner criticou a atua\u00e7\u00e3o de Zandon\u00e1 em diversas quest\u00f5es.<br \/>\nWagner iniciou suas cr\u00edticas abordando as contas do exerc\u00edcio de 2022 do prefeito J\u00f4 Silvestre, que foram rejeitadas pelo Tribunal de Contas. Ele apontou a responsabilidade de Zandon\u00e1, enquanto presidente da C\u00e2mara em 2021, na aprova\u00e7\u00e3o de um projeto de lei que aumentou o subs\u00eddio da vice-prefeita sem contemplar os demais agentes pol\u00edticos.<br \/>\nO vereador do PSD questionou a conduta de Zandon\u00e1, afirmando que o projeto violava o princ\u00edpio da anterioridade e que a aprova\u00e7\u00e3o do mesmo visava apenas agradar o prefeito. Ele ainda ressaltou que o parecer favor\u00e1vel ao projeto foi emitido pelo ex-jur\u00eddico da C\u00e2mara, que \u00e9 cunhado do prefeito.<br \/>\n\u201cEm 2021, o ex-presidente da C\u00e2mara, Fl\u00e1vio Zandon\u00e1 apresentou um projeto de lei n\u00ba 218\/2021 aumentando o subs\u00eddio da vice-prefeita, sem que aumentasse dos demais agentes pol\u00edticos.  Como que pode um presidente de uma Casa de Leis, vereador de segundo mandato, praticar um ato desse, desrespeitando o princ\u00edpio da anterioridade. Fez porqu\u00ea? Para fazer m\u00e9dia com o prefeito?\u201d, questionou.<br \/>\nWagner tamb\u00e9m criticou a rejei\u00e7\u00e3o das contas de Zandon\u00e1 referentes ao exerc\u00edcio de 2021. \u201cVejam s\u00f3 a irresponsabilidade de Fl\u00e1vio Zandon\u00e1 que, ali\u00e1s, teve as contas dele rejeitadas por v\u00e1rios absurdos que ele praticou aqui, inclusive trazendo funcion\u00e1rios da Prefeitura para trabalhar aqui que ganhava R$ 2,5 mil para ganhar R$ 10 mil aqui, sendo que s\u00f3 de gratifica\u00e7\u00e3o foi R$ 2,8 mil\u201d, disparou Wagner.<\/p>\n<p>CONTRA-ATAQUE \u2013 Em sua defesa, Zandon\u00e1 acusou Wagner de ter alterado um documento oficial da C\u00e2mara referente ao concurso p\u00fablico do legislativo.<br \/>\nO clima na C\u00e2mara se acalorou e a sess\u00e3o precisou ser suspensa por alguns minutos. Na volta, Zandon\u00e1 voltou a criticar Wagner, afirmando que o vereador o persegue constantemente.<br \/>\nEm resposta \u00e0s cr\u00edticas de Zandon\u00e1, Wagner exibiu um v\u00eddeo de outro mandato em que o vereador do Republicanos o elogiava e se declarava f\u00e3. Ele questionou a mudan\u00e7a de postura de Zandon\u00e1 e sugeriu que a persegui\u00e7\u00e3o que ele alega sofrer n\u00e3o passa de uma narrativa para desviar o foco das cr\u00edticas.<br \/>\nCarlos Wagner questionou a conduta do vereador e disse que ir\u00e1 solicitar a abertura de um inqu\u00e9rito policial contra Zandon\u00e1.<\/p>\n<p>Confira abaixo o v\u00eddeo gravado por pessoas que assistiam a sess\u00e3o.<\/p>\n<p><iframe loading=\"lazy\" title=\"BATE-BOCA ENTRE VEREADORES MARCA A SESS\u00c3O DA C\u00c2MARA DE AVAR\u00c9\" width=\"500\" height=\"281\" src=\"https:\/\/www.youtube.com\/embed\/XvdAkd490rc?feature=oembed\" frameborder=\"0\" allow=\"accelerometer; autoplay; clipboard-write; encrypted-media; gyroscope; picture-in-picture; web-share\" referrerpolicy=\"strict-origin-when-cross-origin\" allowfullscreen><\/iframe><\/p>\n","protected":false},"excerpt":{"rendered":"<p>A sess\u00e3o ordin\u00e1ria da C\u00e2mara de Avar\u00e9, realizada na ter\u00e7a-feira (4), foi marcada por um bate-boca acalorado entre os vereadores Tenente Carlos Wagner (PSD) e Fl\u00e1vio Zandon\u00e1 (Republicanos). O clima esquentou durante a fala livre, quando Wagner criticou a atua\u00e7\u00e3o de Zandon\u00e1 em diversas quest\u00f5es. Wagner iniciou suas cr\u00edticas abordando as contas do exerc\u00edcio de [&hellip;]<\/p>\n","protected":false},"author":2,"featured_media":7306,"comment_status":"open","ping_status":"open","sticky":false,"template":"","format":"standard","meta":{"footnotes":""},"categories":[58],"tags":[],"class_list":["post-7305","post","type-post","status-publish","format-standard","has-post-thumbnail","hentry","category-noticias-locais"],"_links":{"self":[{"href":"https:\/\/sabuguinho.com.br\/site\/wp-json\/wp\/v2\/posts\/7305","targetHints":{"allow":["GET"]}}],"collection":[{"href":"https:\/\/sabuguinho.com.br\/site\/wp-json\/wp\/v2\/posts"}],"about":[{"href":"https:\/\/sabuguinho.com.br\/site\/wp-json\/wp\/v2\/types\/post"}],"author":[{"embeddable":true,"href":"https:\/\/sabuguinho.com.br\/site\/wp-json\/wp\/v2\/users\/2"}],"replies":[{"embeddable":true,"href":"https:\/\/sabuguinho.com.br\/site\/wp-json\/wp\/v2\/comments?post=7305"}],"version-history":[{"count":1,"href":"https:\/\/sabuguinho.com.br\/site\/wp-json\/wp\/v2\/posts\/7305\/revisions"}],"predecessor-version":[{"id":7307,"href":"https:\/\/sabuguinho.com.br\/site\/wp-json\/wp\/v2\/posts\/7305\/revisions\/7307"}],"wp:featuredmedia":[{"embeddable":true,"href":"https:\/\/sabuguinho.com.br\/site\/wp-json\/wp\/v2\/media\/7306"}],"wp:attachment":[{"href":"https:\/\/sabuguinho.com.br\/site\/wp-json\/wp\/v2\/media?parent=7305"}],"wp:term":[{"taxonomy":"category","embeddable":true,"href":"https:\/\/sabuguinho.com.br\/site\/wp-json\/wp\/v2\/categories?post=7305"},{"taxonomy":"post_tag","embeddable":true,"href":"https:\/\/sabuguinho.com.br\/site\/wp-json\/wp\/v2\/tags?post=7305"}],"curies":[{"name":"wp","href":"https:\/\/api.w.org\/{rel}","templated":true}]}}