{"id":7279,"date":"2024-06-04T20:55:47","date_gmt":"2024-06-04T23:55:47","guid":{"rendered":"https:\/\/sabuguinho.com.br\/site\/?p=7279"},"modified":"2024-06-04T20:55:47","modified_gmt":"2024-06-04T23:55:47","slug":"arandu-inaugura-nova-area-de-transbordo-de-residuos-solidos-e-abre-semana-do-meio-ambiente","status":"publish","type":"post","link":"https:\/\/sabuguinho.com.br\/site\/arandu-inaugura-nova-area-de-transbordo-de-residuos-solidos-e-abre-semana-do-meio-ambiente\/","title":{"rendered":"ARANDU INAUGURA NOVA \u00c1REA DE TRANSBORDO DE RES\u00cdDUOS S\u00d3LIDOS E ABRE SEMANA DO MEIO AMBIENTE"},"content":{"rendered":"<p>A Prefeitura Municipal de Arandu, por meio da Diretoria e Secretaria do Meio Ambiente, deu in\u00edcio na segunda-feira (3) \u00e0s atividades da Semana do Meio Ambiente com um marco hist\u00f3rico para a cidade: a inaugura\u00e7\u00e3o da nova \u00c1rea de Transbordo de Res\u00edduos S\u00f3lidos.<br \/>\nO evento contou com a presen\u00e7a do prefeito Fl\u00e1vio Galhego, da primeira dama Elis\u00e2ngela Medeiros, a secret\u00e1ria do Meio Ambiente, Kelly Cristine, o diretor do Meio Ambiente Guilherme Oliveira, o coordenador das C\u00e2maras T\u00e9cnicas da Amvapa, Geraldo Rivera, representantes do Cati-Avar\u00e9, Jaime e Braz, dos vereadores Ernani Miranda, Jos\u00e9 Ilton e Meire Ferreira, dos alunos e professores das escolas municipais Vera Brizola e Jos\u00e9 Ferezin, al\u00e9m dos secret\u00e1rios, diretores e servidores municipais.<br \/>\nA nova \u00e1rea, localizada na estrada da Galeana, \u00e9 fruto de um investimento da Prefeitura para solucionar um problema ambiental que persistia h\u00e1 cerca de 20 anos no munic\u00edpio. O antigo local de transbordo, conhecido como \u201clix\u00e3o\u201d, era irregular e apresentava diversos riscos \u00e0 sa\u00fade p\u00fablica e ao meio ambiente.<br \/>\nA nova estrutura, por sua vez, foi projetada para garantir o manejo adequado dos res\u00edduos s\u00f3lidos coletados na cidade. O local possui cont\u00eaineres espec\u00edficos para cada tipo de material, evitando o contato com o solo e a prolifera\u00e7\u00e3o de vetores.<br \/>\nDurante a cerim\u00f4nia de inaugura\u00e7\u00e3o, o prefeito Fl\u00e1vio Galhego enfatizou a import\u00e2ncia da obra para o futuro de Arandu. \u201cEssa \u00e9 uma conquista hist\u00f3rica para o nosso munic\u00edpio. Com a nova \u00c1rea de Transbordo, damos um passo importante na dire\u00e7\u00e3o da preserva\u00e7\u00e3o ambiental e da qualidade de vida da nossa popula\u00e7\u00e3o\u201d, afirmou.<br \/>\nO diretor do Meio Ambiente, Guilherme Oliveira, complementou as palavras do Prefeito, destacando que a nova \u00e1rea de transbordo coloca Arandu em destaque na regi\u00e3o. \u201cEsta \u00e9 uma obra \u00fanica na regi\u00e3o e que nos torna refer\u00eancia em termos de gest\u00e3o ambiental. Al\u00e9m disso, ela abre portas para a implementa\u00e7\u00e3o de outros projetos importantes, como a reciclagem e o armazenamento de res\u00edduos de constru\u00e7\u00e3o\u201d, disse.<\/p>\n<p><img loading=\"lazy\" decoding=\"async\" src=\"https:\/\/sabuguinho.com.br\/site\/wp-content\/uploads\/2024\/06\/ARANDU-TRANSBORDO-1-150x85.jpg\" alt=\"\" width=\"150\" height=\"85\" class=\"alignnone size-medium wp-image-7280\" srcset=\"https:\/\/sabuguinho.com.br\/site\/wp-content\/uploads\/2024\/06\/ARANDU-TRANSBORDO-1-150x85.jpg 150w, https:\/\/sabuguinho.com.br\/site\/wp-content\/uploads\/2024\/06\/ARANDU-TRANSBORDO-1-512x290.jpg 512w, https:\/\/sabuguinho.com.br\/site\/wp-content\/uploads\/2024\/06\/ARANDU-TRANSBORDO-1-768x434.jpg 768w, https:\/\/sabuguinho.com.br\/site\/wp-content\/uploads\/2024\/06\/ARANDU-TRANSBORDO-1-750x424.jpg 750w, https:\/\/sabuguinho.com.br\/site\/wp-content\/uploads\/2024\/06\/ARANDU-TRANSBORDO-1.jpg 1105w\" sizes=\"auto, (max-width: 150px) 100vw, 150px\" \/><\/p>\n<p>CONSCIENTIZA\u00c7\u00c3O \u2013 Como parte das atividades da Semana do Meio Ambiente, os alunos das escolas municipais Vera Brizola e Jos\u00e9 Ferezin plantaram uma muda de Ip\u00ea Amarelo na nova \u00e1rea de transbordo. A a\u00e7\u00e3o simbolizou o compromisso da Prefeitura e da comunidade com a preserva\u00e7\u00e3o ambiental e a constru\u00e7\u00e3o de um futuro mais sustent\u00e1vel para Arandu.<br \/>\nA Semana do Meio Ambiente em Arandu seguir\u00e1 at\u00e9 o dia 9 de junho com diversas atividades, como palestras, workshops e a\u00e7\u00f5es de conscientiza\u00e7\u00e3o ambiental. A programa\u00e7\u00e3o completa est\u00e1 dispon\u00edvel no site da Prefeitura Municipal.<br \/>\nA nova \u00c1rea de Transbordo de Res\u00edduos S\u00f3lidos \u00e9 um importante passo para o desenvolvimento sustent\u00e1vel de Arandu. A obra representa o compromisso da Prefeitura com a preserva\u00e7\u00e3o do meio ambiente e a constru\u00e7\u00e3o de um futuro melhor para a cidade.<\/p>\n<p><img loading=\"lazy\" decoding=\"async\" src=\"https:\/\/sabuguinho.com.br\/site\/wp-content\/uploads\/2024\/06\/ARANDU-TRANSBORDO-8-768x576-1-150x113.jpg\" alt=\"\" width=\"150\" height=\"113\" class=\"alignnone size-medium wp-image-7281\" srcset=\"https:\/\/sabuguinho.com.br\/site\/wp-content\/uploads\/2024\/06\/ARANDU-TRANSBORDO-8-768x576-1-150x113.jpg 150w, https:\/\/sabuguinho.com.br\/site\/wp-content\/uploads\/2024\/06\/ARANDU-TRANSBORDO-8-768x576-1-512x384.jpg 512w, https:\/\/sabuguinho.com.br\/site\/wp-content\/uploads\/2024\/06\/ARANDU-TRANSBORDO-8-768x576-1-750x563.jpg 750w, https:\/\/sabuguinho.com.br\/site\/wp-content\/uploads\/2024\/06\/ARANDU-TRANSBORDO-8-768x576-1.jpg 768w\" sizes=\"auto, (max-width: 150px) 100vw, 150px\" \/><\/p>\n<p><img loading=\"lazy\" decoding=\"async\" src=\"https:\/\/sabuguinho.com.br\/site\/wp-content\/uploads\/2024\/06\/ARANDU-TRANSBORDO-7-768x512-1-150x100.jpg\" alt=\"\" width=\"150\" height=\"100\" class=\"alignnone size-medium wp-image-7282\" srcset=\"https:\/\/sabuguinho.com.br\/site\/wp-content\/uploads\/2024\/06\/ARANDU-TRANSBORDO-7-768x512-1-150x100.jpg 150w, https:\/\/sabuguinho.com.br\/site\/wp-content\/uploads\/2024\/06\/ARANDU-TRANSBORDO-7-768x512-1-512x341.jpg 512w, https:\/\/sabuguinho.com.br\/site\/wp-content\/uploads\/2024\/06\/ARANDU-TRANSBORDO-7-768x512-1-750x500.jpg 750w, https:\/\/sabuguinho.com.br\/site\/wp-content\/uploads\/2024\/06\/ARANDU-TRANSBORDO-7-768x512-1.jpg 768w\" sizes=\"auto, (max-width: 150px) 100vw, 150px\" \/><\/p>\n<p><img loading=\"lazy\" decoding=\"async\" src=\"https:\/\/sabuguinho.com.br\/site\/wp-content\/uploads\/2024\/06\/ARANDU-TRANSBORDO-6-768x512-1-150x100.jpg\" alt=\"\" width=\"150\" height=\"100\" class=\"alignnone size-medium wp-image-7283\" srcset=\"https:\/\/sabuguinho.com.br\/site\/wp-content\/uploads\/2024\/06\/ARANDU-TRANSBORDO-6-768x512-1-150x100.jpg 150w, https:\/\/sabuguinho.com.br\/site\/wp-content\/uploads\/2024\/06\/ARANDU-TRANSBORDO-6-768x512-1-512x341.jpg 512w, https:\/\/sabuguinho.com.br\/site\/wp-content\/uploads\/2024\/06\/ARANDU-TRANSBORDO-6-768x512-1-750x500.jpg 750w, https:\/\/sabuguinho.com.br\/site\/wp-content\/uploads\/2024\/06\/ARANDU-TRANSBORDO-6-768x512-1.jpg 768w\" sizes=\"auto, (max-width: 150px) 100vw, 150px\" \/><\/p>\n<p><img loading=\"lazy\" decoding=\"async\" src=\"https:\/\/sabuguinho.com.br\/site\/wp-content\/uploads\/2024\/06\/ARANDU-TRANSBORDO-3-150x100.jpg\" alt=\"\" width=\"150\" height=\"100\" class=\"alignnone size-medium wp-image-7284\" srcset=\"https:\/\/sabuguinho.com.br\/site\/wp-content\/uploads\/2024\/06\/ARANDU-TRANSBORDO-3-150x100.jpg 150w, https:\/\/sabuguinho.com.br\/site\/wp-content\/uploads\/2024\/06\/ARANDU-TRANSBORDO-3-512x341.jpg 512w, https:\/\/sabuguinho.com.br\/site\/wp-content\/uploads\/2024\/06\/ARANDU-TRANSBORDO-3-768x512.jpg 768w, https:\/\/sabuguinho.com.br\/site\/wp-content\/uploads\/2024\/06\/ARANDU-TRANSBORDO-3-1536x1024.jpg 1536w, https:\/\/sabuguinho.com.br\/site\/wp-content\/uploads\/2024\/06\/ARANDU-TRANSBORDO-3-750x500.jpg 750w, https:\/\/sabuguinho.com.br\/site\/wp-content\/uploads\/2024\/06\/ARANDU-TRANSBORDO-3-1140x760.jpg 1140w, https:\/\/sabuguinho.com.br\/site\/wp-content\/uploads\/2024\/06\/ARANDU-TRANSBORDO-3.jpg 2048w\" sizes=\"auto, (max-width: 150px) 100vw, 150px\" \/><\/p>\n<p><img loading=\"lazy\" decoding=\"async\" src=\"https:\/\/sabuguinho.com.br\/site\/wp-content\/uploads\/2024\/06\/ARANDU-TRANSBORDO-5-768x512-1-150x100.jpg\" alt=\"\" width=\"150\" height=\"100\" class=\"alignnone size-medium wp-image-7285\" srcset=\"https:\/\/sabuguinho.com.br\/site\/wp-content\/uploads\/2024\/06\/ARANDU-TRANSBORDO-5-768x512-1-150x100.jpg 150w, https:\/\/sabuguinho.com.br\/site\/wp-content\/uploads\/2024\/06\/ARANDU-TRANSBORDO-5-768x512-1-512x341.jpg 512w, https:\/\/sabuguinho.com.br\/site\/wp-content\/uploads\/2024\/06\/ARANDU-TRANSBORDO-5-768x512-1-750x500.jpg 750w, https:\/\/sabuguinho.com.br\/site\/wp-content\/uploads\/2024\/06\/ARANDU-TRANSBORDO-5-768x512-1.jpg 768w\" sizes=\"auto, (max-width: 150px) 100vw, 150px\" \/><\/p>\n<p><img loading=\"lazy\" decoding=\"async\" src=\"https:\/\/sabuguinho.com.br\/site\/wp-content\/uploads\/2024\/06\/ARANDU-TRANSBORDO-2-768x512-1-150x100.jpg\" alt=\"\" width=\"150\" height=\"100\" class=\"alignnone size-medium wp-image-7286\" srcset=\"https:\/\/sabuguinho.com.br\/site\/wp-content\/uploads\/2024\/06\/ARANDU-TRANSBORDO-2-768x512-1-150x100.jpg 150w, https:\/\/sabuguinho.com.br\/site\/wp-content\/uploads\/2024\/06\/ARANDU-TRANSBORDO-2-768x512-1-512x341.jpg 512w, https:\/\/sabuguinho.com.br\/site\/wp-content\/uploads\/2024\/06\/ARANDU-TRANSBORDO-2-768x512-1-750x500.jpg 750w, https:\/\/sabuguinho.com.br\/site\/wp-content\/uploads\/2024\/06\/ARANDU-TRANSBORDO-2-768x512-1.jpg 768w\" sizes=\"auto, (max-width: 150px) 100vw, 150px\" \/><\/p>\n","protected":false},"excerpt":{"rendered":"<p>A Prefeitura Municipal de Arandu, por meio da Diretoria e Secretaria do Meio Ambiente, deu in\u00edcio na segunda-feira (3) \u00e0s atividades da Semana do Meio Ambiente com um marco hist\u00f3rico para a cidade: a inaugura\u00e7\u00e3o da nova \u00c1rea de Transbordo de Res\u00edduos S\u00f3lidos. O evento contou com a presen\u00e7a do prefeito Fl\u00e1vio Galhego, da primeira [&hellip;]<\/p>\n","protected":false},"author":2,"featured_media":7287,"comment_status":"open","ping_status":"open","sticky":false,"template":"","format":"standard","meta":{"footnotes":""},"categories":[51],"tags":[],"class_list":["post-7279","post","type-post","status-publish","format-standard","has-post-thumbnail","hentry","category-noticias-regionais"],"_links":{"self":[{"href":"https:\/\/sabuguinho.com.br\/site\/wp-json\/wp\/v2\/posts\/7279","targetHints":{"allow":["GET"]}}],"collection":[{"href":"https:\/\/sabuguinho.com.br\/site\/wp-json\/wp\/v2\/posts"}],"about":[{"href":"https:\/\/sabuguinho.com.br\/site\/wp-json\/wp\/v2\/types\/post"}],"author":[{"embeddable":true,"href":"https:\/\/sabuguinho.com.br\/site\/wp-json\/wp\/v2\/users\/2"}],"replies":[{"embeddable":true,"href":"https:\/\/sabuguinho.com.br\/site\/wp-json\/wp\/v2\/comments?post=7279"}],"version-history":[{"count":1,"href":"https:\/\/sabuguinho.com.br\/site\/wp-json\/wp\/v2\/posts\/7279\/revisions"}],"predecessor-version":[{"id":7288,"href":"https:\/\/sabuguinho.com.br\/site\/wp-json\/wp\/v2\/posts\/7279\/revisions\/7288"}],"wp:featuredmedia":[{"embeddable":true,"href":"https:\/\/sabuguinho.com.br\/site\/wp-json\/wp\/v2\/media\/7287"}],"wp:attachment":[{"href":"https:\/\/sabuguinho.com.br\/site\/wp-json\/wp\/v2\/media?parent=7279"}],"wp:term":[{"taxonomy":"category","embeddable":true,"href":"https:\/\/sabuguinho.com.br\/site\/wp-json\/wp\/v2\/categories?post=7279"},{"taxonomy":"post_tag","embeddable":true,"href":"https:\/\/sabuguinho.com.br\/site\/wp-json\/wp\/v2\/tags?post=7279"}],"curies":[{"name":"wp","href":"https:\/\/api.w.org\/{rel}","templated":true}]}}