{"id":716,"date":"2023-11-15T09:21:26","date_gmt":"2023-11-15T12:21:26","guid":{"rendered":"https:\/\/sabuguinho.com.br\/site\/?p=716"},"modified":"2023-11-15T09:21:26","modified_gmt":"2023-11-15T12:21:26","slug":"eliminatorias-diniz-esboca-equipe-para-jogo-contra-a-colombia","status":"publish","type":"post","link":"https:\/\/sabuguinho.com.br\/site\/eliminatorias-diniz-esboca-equipe-para-jogo-contra-a-colombia\/","title":{"rendered":"Eliminat\u00f3rias: Diniz esbo\u00e7a equipe para jogo contra a Col\u00f4mbia"},"content":{"rendered":"<p>Come\u00e7a venda de ingressos para Brasil e Argentina no Maracan\u00e3<\/p>\n<p>O t\u00e9cnico Fernando Diniz come\u00e7ou a esbo\u00e7ar a equipe titular da sele\u00e7\u00e3o brasileira para enfrentar a Col\u00f4mbia, a partir das 21h (hor\u00e1rio de Bras\u00edlia) da pr\u00f3xima quinta-feira (16), no est\u00e1dio Metropolitano, em Barranquilla. No treino realizado nesta ter\u00e7a-feira (14) na Granja Comary, em Teres\u00f3polis, as principais novidades foram as entradas do volante Andr\u00e9 e do atacante Gabriel Martinelli, que devem ocupar, respectivamente, os lugares de Casemiro e de Neymar.<br \/>\nAl\u00e9m das entradas do jogador do Fluminense e do Arsenal (Inglaterra), a equipe do Brasil deve ter mais quatro novidades em compara\u00e7\u00e3o \u00e0 equipe que foi derrotada pelo Uruguai, em Montevid\u00e9u, na \u00faltima rodada das Eliminat\u00f3rias: o goleiro Alisson, o atacante Raphinha e os laterais Emerson Royal e Renan Lodi.<br \/>\nQuem deve realizar uma nova fun\u00e7\u00e3o na equipe de Fernando Diniz \u00e9 o atacante Rodrygo, que deve atuar centralizado no meio-campo por tr\u00e1s de Vin\u00edcius J\u00fanior, que, pelo treino desta ter\u00e7a, ocupar\u00e1 a posi\u00e7\u00e3o central do ataque brasileiro.<br \/>\nCom isso, a sele\u00e7\u00e3o brasileira deve entrar em campo com: Alisson; Emerson Royal, Marquinhos, Gabriel Magalh\u00e3es e Renan Lodi; Andr\u00e9, Bruno Guimar\u00e3es e Rodrygo; Raphinha, Vin\u00edcius J\u00fanior e Gabriel Martinelli.<br \/>\nA sele\u00e7\u00e3o encerra a prepara\u00e7\u00e3o para enfrentar a Col\u00f4mbia na manh\u00e3 da pr\u00f3xima quarta-feira (15). O treino ser\u00e1 novamente na Granja Comary. No per\u00edodo da tarde, o grupo embarca para a Col\u00f4mbia.<br \/>\nNesta ter\u00e7a o volante Bruno Guimar\u00e3es comentou, em entrevista coletiva, a expectativa para o confronto com os colombianos: &#8220;\u00c9 um advers\u00e1rio dif\u00edcil, com um n\u00famero cada vez maior de jogadores atuando na Europa. A torcida deles \u00e9 bem participativa. \u00c9 um jogo complicado, tem se mostrado desafiador nos \u00faltimos anos, mas acredito que temos totais condi\u00e7\u00f5es de ir l\u00e1 e ganhar. Sabemos que n\u00e3o ser\u00e1 f\u00e1cil\u201d.<br \/>\nIngressos para jogo contra a Argentina<br \/>\nTamb\u00e9m nesta ter\u00e7a come\u00e7aram a ser vendidos os ingressos para o jogo contra a Argentina, que ser\u00e1 disputado no est\u00e1dio do Maracan\u00e3, na pr\u00f3xima ter\u00e7a-feira (21) a partir das 21h30. A Confedera\u00e7\u00e3o Brasileira de Futebol (CBF) informou que a venda est\u00e1 sendo realizada no site https:\/\/cbf.eleventickets.com<\/p>\n<p>&#8230;<\/p>\n<p><img loading=\"lazy\" decoding=\"async\" src=\"https:\/\/sabuguinho.com.br\/site\/wp-content\/uploads\/2023\/11\/F-7fYaUXsAAmkNa-150x100.jpeg\" alt=\"\" width=\"150\" height=\"100\" class=\"alignnone size-medium wp-image-717\" srcset=\"https:\/\/sabuguinho.com.br\/site\/wp-content\/uploads\/2023\/11\/F-7fYaUXsAAmkNa-150x100.jpeg 150w, https:\/\/sabuguinho.com.br\/site\/wp-content\/uploads\/2023\/11\/F-7fYaUXsAAmkNa-512x342.jpeg 512w, https:\/\/sabuguinho.com.br\/site\/wp-content\/uploads\/2023\/11\/F-7fYaUXsAAmkNa.jpeg 680w\" sizes=\"auto, (max-width: 150px) 100vw, 150px\" \/><\/p>\n","protected":false},"excerpt":{"rendered":"<p>Come\u00e7a venda de ingressos para Brasil e Argentina no Maracan\u00e3 O t\u00e9cnico Fernando Diniz come\u00e7ou a esbo\u00e7ar a equipe titular da sele\u00e7\u00e3o brasileira para enfrentar a Col\u00f4mbia, a partir das 21h (hor\u00e1rio de Bras\u00edlia) da pr\u00f3xima quinta-feira (16), no est\u00e1dio Metropolitano, em Barranquilla. No treino realizado nesta ter\u00e7a-feira (14) na Granja Comary, em Teres\u00f3polis, as [&hellip;]<\/p>\n","protected":false},"author":2,"featured_media":718,"comment_status":"open","ping_status":"open","sticky":false,"template":"","format":"standard","meta":{"footnotes":""},"categories":[45],"tags":[],"class_list":["post-716","post","type-post","status-publish","format-standard","has-post-thumbnail","hentry","category-esportes"],"_links":{"self":[{"href":"https:\/\/sabuguinho.com.br\/site\/wp-json\/wp\/v2\/posts\/716","targetHints":{"allow":["GET"]}}],"collection":[{"href":"https:\/\/sabuguinho.com.br\/site\/wp-json\/wp\/v2\/posts"}],"about":[{"href":"https:\/\/sabuguinho.com.br\/site\/wp-json\/wp\/v2\/types\/post"}],"author":[{"embeddable":true,"href":"https:\/\/sabuguinho.com.br\/site\/wp-json\/wp\/v2\/users\/2"}],"replies":[{"embeddable":true,"href":"https:\/\/sabuguinho.com.br\/site\/wp-json\/wp\/v2\/comments?post=716"}],"version-history":[{"count":1,"href":"https:\/\/sabuguinho.com.br\/site\/wp-json\/wp\/v2\/posts\/716\/revisions"}],"predecessor-version":[{"id":719,"href":"https:\/\/sabuguinho.com.br\/site\/wp-json\/wp\/v2\/posts\/716\/revisions\/719"}],"wp:featuredmedia":[{"embeddable":true,"href":"https:\/\/sabuguinho.com.br\/site\/wp-json\/wp\/v2\/media\/718"}],"wp:attachment":[{"href":"https:\/\/sabuguinho.com.br\/site\/wp-json\/wp\/v2\/media?parent=716"}],"wp:term":[{"taxonomy":"category","embeddable":true,"href":"https:\/\/sabuguinho.com.br\/site\/wp-json\/wp\/v2\/categories?post=716"},{"taxonomy":"post_tag","embeddable":true,"href":"https:\/\/sabuguinho.com.br\/site\/wp-json\/wp\/v2\/tags?post=716"}],"curies":[{"name":"wp","href":"https:\/\/api.w.org\/{rel}","templated":true}]}}