{"id":712,"date":"2023-11-15T02:04:54","date_gmt":"2023-11-15T05:04:54","guid":{"rendered":"https:\/\/sabuguinho.com.br\/site\/?p=712"},"modified":"2023-11-15T02:04:54","modified_gmt":"2023-11-15T05:04:54","slug":"filho-detalha-acidente-de-carlos-alberto-de-nobrega-sangramento-na-cabeca-e-trincou-costela","status":"publish","type":"post","link":"https:\/\/sabuguinho.com.br\/site\/filho-detalha-acidente-de-carlos-alberto-de-nobrega-sangramento-na-cabeca-e-trincou-costela\/","title":{"rendered":"\u2019Filho detalha acidente de Carlos Alberto de N\u00f3brega: \u2018Sangramento na cabe\u00e7a e trincou costela\u2019"},"content":{"rendered":"<p>Fonte: Quem<\/p>\n<p>Marcelo de N\u00f3brega, filho de Carlos Alberto de N\u00f3brega, de 87 anos, detalhou o acidente dom\u00e9stico que o pai sofreu. Segundo o artista, o apresentador caiu da escada, que ocasionou um sangramento na cabe\u00e7a e uma costela trincada.<br \/>\n\u201cEle caiu da escada, trope\u00e7ou no chinelo, e bateu o rosto. O rosto dele tava inchado e bateu um pouco com a cabe\u00e7a tamb\u00e9m. Ele teve um pequeno sangramento interno na cabe\u00e7a. Ele fez uma tomografia e deu que o sangramento est\u00e1 diminuindo, em que o pr\u00f3prio organismo absorve esse sangramento com o tempo. Ele tamb\u00e9m trincou a costela e est\u00e1 com muita dor\u201d, contou Marcelo ao Fofocalizando.<br \/>\nO apresentador est\u00e1 internado desde o s\u00e1bado (11) no Hospital S\u00edrio-Liban\u00eas. \u201cSe Deus quiser, quinta-feira ele j\u00e1 recebe alta, se tudo correr bem\u201d, disse.<\/p>\n<p>Legenda<br \/>\nMarcelo e Carlos Alberto de N\u00f3brega (Foto: Reprodu\u00e7\u00e3o\/Instagram)<\/p>\n","protected":false},"excerpt":{"rendered":"<p>Fonte: Quem Marcelo de N\u00f3brega, filho de Carlos Alberto de N\u00f3brega, de 87 anos, detalhou o acidente dom\u00e9stico que o pai sofreu. Segundo o artista, o apresentador caiu da escada, que ocasionou um sangramento na cabe\u00e7a e uma costela trincada. \u201cEle caiu da escada, trope\u00e7ou no chinelo, e bateu o rosto. O rosto dele tava [&hellip;]<\/p>\n","protected":false},"author":2,"featured_media":713,"comment_status":"open","ping_status":"open","sticky":false,"template":"","format":"standard","meta":{"footnotes":""},"categories":[52],"tags":[],"_links":{"self":[{"href":"https:\/\/sabuguinho.com.br\/site\/wp-json\/wp\/v2\/posts\/712"}],"collection":[{"href":"https:\/\/sabuguinho.com.br\/site\/wp-json\/wp\/v2\/posts"}],"about":[{"href":"https:\/\/sabuguinho.com.br\/site\/wp-json\/wp\/v2\/types\/post"}],"author":[{"embeddable":true,"href":"https:\/\/sabuguinho.com.br\/site\/wp-json\/wp\/v2\/users\/2"}],"replies":[{"embeddable":true,"href":"https:\/\/sabuguinho.com.br\/site\/wp-json\/wp\/v2\/comments?post=712"}],"version-history":[{"count":1,"href":"https:\/\/sabuguinho.com.br\/site\/wp-json\/wp\/v2\/posts\/712\/revisions"}],"predecessor-version":[{"id":714,"href":"https:\/\/sabuguinho.com.br\/site\/wp-json\/wp\/v2\/posts\/712\/revisions\/714"}],"wp:featuredmedia":[{"embeddable":true,"href":"https:\/\/sabuguinho.com.br\/site\/wp-json\/wp\/v2\/media\/713"}],"wp:attachment":[{"href":"https:\/\/sabuguinho.com.br\/site\/wp-json\/wp\/v2\/media?parent=712"}],"wp:term":[{"taxonomy":"category","embeddable":true,"href":"https:\/\/sabuguinho.com.br\/site\/wp-json\/wp\/v2\/categories?post=712"},{"taxonomy":"post_tag","embeddable":true,"href":"https:\/\/sabuguinho.com.br\/site\/wp-json\/wp\/v2\/tags?post=712"}],"curies":[{"name":"wp","href":"https:\/\/api.w.org\/{rel}","templated":true}]}}