{"id":7109,"date":"2024-05-30T11:51:51","date_gmt":"2024-05-30T14:51:51","guid":{"rendered":"https:\/\/sabuguinho.com.br\/site\/?p=7109"},"modified":"2024-05-30T11:51:51","modified_gmt":"2024-05-30T14:51:51","slug":"motorista-dorme-no-volante-e-provoca-acidente-com-vitimas-na-sp-255-em-avare","status":"publish","type":"post","link":"https:\/\/sabuguinho.com.br\/site\/motorista-dorme-no-volante-e-provoca-acidente-com-vitimas-na-sp-255-em-avare\/","title":{"rendered":"MOTORISTA DORME NO VOLANTE E PROVOCA ACIDENTE COM V\u00cdTIMAS NA SP-255 EM AVAR\u00c9;"},"content":{"rendered":"<p>Um acidente deixou feridos no fim da tarde de quarta-feira (29) na Rodovia Jo\u00e3o Mell\u00e3o (SP-255), em Avar\u00e9. A colis\u00e3o ocorreu na regi\u00e3o do ped\u00e1gio.<br \/>\nSegundo informa\u00e7\u00f5es da Ag\u00eancia de Transporte do Estado de S\u00e3o Paulo \u2013 ARTESP, por volta das 17h55, um ve\u00edculo perdeu o controle ap\u00f3s o condutor adormecer ao volante e se envolveu em uma colis\u00e3o transversal com outro ve\u00edculo.<br \/>\nCom a colis\u00e3o, um dos ve\u00edculos capotou e outro foi parar fora da rodovia. Equipes de atendimento da concession\u00e1ria da administra a via e da Pol\u00edcia Militar Rodovi\u00e1ria (PMRv) estiveram no local para socorrer as v\u00edtimas e controlar o tr\u00e1fego.<br \/>\nOs feridos foram encaminhados ao Pronto Socorro Municipal de Avar\u00e9. O estado de sa\u00fade dos envolvidos n\u00e3o foi divulgado.<\/p>\n","protected":false},"excerpt":{"rendered":"<p>Um acidente deixou feridos no fim da tarde de quarta-feira (29) na Rodovia Jo\u00e3o Mell\u00e3o (SP-255), em Avar\u00e9. A colis\u00e3o ocorreu na regi\u00e3o do ped\u00e1gio. Segundo informa\u00e7\u00f5es da Ag\u00eancia de Transporte do Estado de S\u00e3o Paulo \u2013 ARTESP, por volta das 17h55, um ve\u00edculo perdeu o controle ap\u00f3s o condutor adormecer ao volante e se [&hellip;]<\/p>\n","protected":false},"author":2,"featured_media":7110,"comment_status":"open","ping_status":"open","sticky":false,"template":"","format":"standard","meta":{"footnotes":""},"categories":[52],"tags":[],"class_list":["post-7109","post","type-post","status-publish","format-standard","has-post-thumbnail","hentry","category-policiais"],"_links":{"self":[{"href":"https:\/\/sabuguinho.com.br\/site\/wp-json\/wp\/v2\/posts\/7109","targetHints":{"allow":["GET"]}}],"collection":[{"href":"https:\/\/sabuguinho.com.br\/site\/wp-json\/wp\/v2\/posts"}],"about":[{"href":"https:\/\/sabuguinho.com.br\/site\/wp-json\/wp\/v2\/types\/post"}],"author":[{"embeddable":true,"href":"https:\/\/sabuguinho.com.br\/site\/wp-json\/wp\/v2\/users\/2"}],"replies":[{"embeddable":true,"href":"https:\/\/sabuguinho.com.br\/site\/wp-json\/wp\/v2\/comments?post=7109"}],"version-history":[{"count":1,"href":"https:\/\/sabuguinho.com.br\/site\/wp-json\/wp\/v2\/posts\/7109\/revisions"}],"predecessor-version":[{"id":7111,"href":"https:\/\/sabuguinho.com.br\/site\/wp-json\/wp\/v2\/posts\/7109\/revisions\/7111"}],"wp:featuredmedia":[{"embeddable":true,"href":"https:\/\/sabuguinho.com.br\/site\/wp-json\/wp\/v2\/media\/7110"}],"wp:attachment":[{"href":"https:\/\/sabuguinho.com.br\/site\/wp-json\/wp\/v2\/media?parent=7109"}],"wp:term":[{"taxonomy":"category","embeddable":true,"href":"https:\/\/sabuguinho.com.br\/site\/wp-json\/wp\/v2\/categories?post=7109"},{"taxonomy":"post_tag","embeddable":true,"href":"https:\/\/sabuguinho.com.br\/site\/wp-json\/wp\/v2\/tags?post=7109"}],"curies":[{"name":"wp","href":"https:\/\/api.w.org\/{rel}","templated":true}]}}