{"id":7089,"date":"2024-05-29T15:48:19","date_gmt":"2024-05-29T18:48:19","guid":{"rendered":"https:\/\/sabuguinho.com.br\/site\/?p=7089"},"modified":"2024-05-29T15:48:19","modified_gmt":"2024-05-29T18:48:19","slug":"utilidade-publica-procon-de-avare-recebe-capacitacao-sobre-novo-sistema-digital","status":"publish","type":"post","link":"https:\/\/sabuguinho.com.br\/site\/utilidade-publica-procon-de-avare-recebe-capacitacao-sobre-novo-sistema-digital\/","title":{"rendered":"UTILIDADE P\u00daBLICA &#8211; Procon de Avar\u00e9 recebe capacita\u00e7\u00e3o sobre novo sistema digital"},"content":{"rendered":"<p>Coordenadores de S\u00e3o Roque, Pinhal, Salto, Taquarituba, Iper\u00f3 e Cerqueira C\u00e9sar participaram da forma\u00e7\u00e3o<\/p>\n<p>O Procon de Avar\u00e9 sediou uma capacita\u00e7\u00e3o sobre o novo sistema digital do \u00f3rg\u00e3o de defesa do consumidor.<br \/>\nCoordenadores das cidades de S\u00e3o Roque, Pinhal, Salto, Taquarituba, Iper\u00f3 e Cerqueira C\u00e9sar, al\u00e9m de funcion\u00e1rios da unidade avareense, participaram da forma\u00e7\u00e3o ministrada por t\u00e9cnicos da Funda\u00e7\u00e3o Procon-SP.<br \/>\nA nova plataforma vai substituir o atual Sistema Nacional de Informa\u00e7\u00f5es de Defesa do Consumidor (SINDEC), o que tornar\u00e1 o atendimento ao consumidor mais \u00e1gil e eficiente.<br \/>\n\u201cEstamos fazendo o treinamento interno para que, assim que poss\u00edvel, possamos migrar definitivamente para o Procon-SP Digital\u201d, informa Maria Adelina de Toledo Russo, coordenadora do Procon de Avar\u00e9.<\/p>\n<p>Saiba mais<\/p>\n<p>O Procon-SP Digital \u00e9 uma plataforma online para que o consumidor residente no Estado de S\u00e3o Paulo possa registrar suas reclama\u00e7\u00f5es e realizar outros servi\u00e7os relacionados \u00e0 defesa do consumidor.<br \/>\nCriada na d\u00e9cada de 90, a Funda\u00e7\u00e3o Procon-SP tem como miss\u00e3o principal, equilibrar e harmonizar as rela\u00e7\u00f5es entre consumidores e fornecedores.<br \/>\nElaborar e executar a pol\u00edtica de prote\u00e7\u00e3o e defesa dos consumidores do Estado de S\u00e3o Paulo \u00e9 uma das compet\u00eancias do \u00f3rg\u00e3o previstas em lei.<\/p>\n<p><img loading=\"lazy\" decoding=\"async\" src=\"https:\/\/sabuguinho.com.br\/site\/wp-content\/uploads\/2024\/05\/Capacitacao-reuniu-coordenadores-de-cidades-da-regiao-150x99.jpeg\" alt=\"\" width=\"150\" height=\"99\" class=\"alignnone size-medium wp-image-7090\" srcset=\"https:\/\/sabuguinho.com.br\/site\/wp-content\/uploads\/2024\/05\/Capacitacao-reuniu-coordenadores-de-cidades-da-regiao-150x99.jpeg 150w, https:\/\/sabuguinho.com.br\/site\/wp-content\/uploads\/2024\/05\/Capacitacao-reuniu-coordenadores-de-cidades-da-regiao-512x339.jpeg 512w, https:\/\/sabuguinho.com.br\/site\/wp-content\/uploads\/2024\/05\/Capacitacao-reuniu-coordenadores-de-cidades-da-regiao-768x508.jpeg 768w, https:\/\/sabuguinho.com.br\/site\/wp-content\/uploads\/2024\/05\/Capacitacao-reuniu-coordenadores-de-cidades-da-regiao-750x496.jpeg 750w, https:\/\/sabuguinho.com.br\/site\/wp-content\/uploads\/2024\/05\/Capacitacao-reuniu-coordenadores-de-cidades-da-regiao.jpeg 800w\" sizes=\"auto, (max-width: 150px) 100vw, 150px\" \/><\/p>\n","protected":false},"excerpt":{"rendered":"<p>Coordenadores de S\u00e3o Roque, Pinhal, Salto, Taquarituba, Iper\u00f3 e Cerqueira C\u00e9sar participaram da forma\u00e7\u00e3o O Procon de Avar\u00e9 sediou uma capacita\u00e7\u00e3o sobre o novo sistema digital do \u00f3rg\u00e3o de defesa do consumidor. Coordenadores das cidades de S\u00e3o Roque, Pinhal, Salto, Taquarituba, Iper\u00f3 e Cerqueira C\u00e9sar, al\u00e9m de funcion\u00e1rios da unidade avareense, participaram da forma\u00e7\u00e3o ministrada [&hellip;]<\/p>\n","protected":false},"author":2,"featured_media":7091,"comment_status":"open","ping_status":"open","sticky":false,"template":"","format":"standard","meta":{"footnotes":""},"categories":[62],"tags":[],"class_list":["post-7089","post","type-post","status-publish","format-standard","has-post-thumbnail","hentry","category-utilidade-publica"],"_links":{"self":[{"href":"https:\/\/sabuguinho.com.br\/site\/wp-json\/wp\/v2\/posts\/7089","targetHints":{"allow":["GET"]}}],"collection":[{"href":"https:\/\/sabuguinho.com.br\/site\/wp-json\/wp\/v2\/posts"}],"about":[{"href":"https:\/\/sabuguinho.com.br\/site\/wp-json\/wp\/v2\/types\/post"}],"author":[{"embeddable":true,"href":"https:\/\/sabuguinho.com.br\/site\/wp-json\/wp\/v2\/users\/2"}],"replies":[{"embeddable":true,"href":"https:\/\/sabuguinho.com.br\/site\/wp-json\/wp\/v2\/comments?post=7089"}],"version-history":[{"count":1,"href":"https:\/\/sabuguinho.com.br\/site\/wp-json\/wp\/v2\/posts\/7089\/revisions"}],"predecessor-version":[{"id":7092,"href":"https:\/\/sabuguinho.com.br\/site\/wp-json\/wp\/v2\/posts\/7089\/revisions\/7092"}],"wp:featuredmedia":[{"embeddable":true,"href":"https:\/\/sabuguinho.com.br\/site\/wp-json\/wp\/v2\/media\/7091"}],"wp:attachment":[{"href":"https:\/\/sabuguinho.com.br\/site\/wp-json\/wp\/v2\/media?parent=7089"}],"wp:term":[{"taxonomy":"category","embeddable":true,"href":"https:\/\/sabuguinho.com.br\/site\/wp-json\/wp\/v2\/categories?post=7089"},{"taxonomy":"post_tag","embeddable":true,"href":"https:\/\/sabuguinho.com.br\/site\/wp-json\/wp\/v2\/tags?post=7089"}],"curies":[{"name":"wp","href":"https:\/\/api.w.org\/{rel}","templated":true}]}}