{"id":697,"date":"2023-11-14T14:30:52","date_gmt":"2023-11-14T17:30:52","guid":{"rendered":"https:\/\/sabuguinho.com.br\/site\/?p=697"},"modified":"2023-11-14T14:36:28","modified_gmt":"2023-11-14T17:36:28","slug":"697-2","status":"publish","type":"post","link":"https:\/\/sabuguinho.com.br\/site\/697-2\/","title":{"rendered":"POL\u00cdCIA MILITAR SURPREENDE DUPLA FURTANDO CASA DE IDOSA EM CERQUEIRA C\u00c9SAR"},"content":{"rendered":"<p>Comunica\u00e7\u00e3o Social 53\u00ba BPM\/I<\/p>\n<p>Nesta madrugada (14\/11), policiais militares estavam em patrulhamento pelo centro de Cerqueira C\u00e9sar quando visualizaram um indiv\u00edduo de 21 anos que j\u00e1 era conhecido por praticar diversos furtos pela cidade e que estava com duas panelas e uma assadeira em alum\u00ednio embaixo do seu bra\u00e7o. O homem foi abordado e confessou que havia acabado de furtar de uma resid\u00eancia pr\u00f3xima dali e relatou que iria trocar por drogas. A equipe, ent\u00e3o, dirigiu-se para o im\u00f3vel a fim de averiguar e, no local, surpreenderam o comparsa de 24 anos tamb\u00e9m conhecido pela pr\u00e1tica de furtos pela cidade, e que estava saindo de um corredor lateral. Ao perceber a presen\u00e7a policial, o homem imediatamente pulou a grade da resid\u00eancia, mas foi detido e constatado que a dupla havia separado mais alguns utens\u00edlios dom\u00e9sticos para substra\u00edrem da casa de uma idosa de 82 anos que estava dormindo, mas a chegada da equipe frustrou a a\u00e7\u00e3o criminosa. Ambos foram presos e conduzidos ao Plant\u00e3o de Pol\u00edcia Civil de Avar\u00e9 onde permaneceram \u00e0 disposi\u00e7\u00e3o da justi\u00e7a e os objetos foram devolvidos para a propriet\u00e1ria.<\/p>\n<p>Estamos nas ruas para proteger voc\u00ea!<\/p>\n<p>Pol\u00edcia Militar, rumo aos 200 anos.<br \/>\nVamos todos juntos, ningu\u00e9m fica para tr\u00e1s.<\/p>\n<p>#POLICIAMILITARSP<br \/>\n#AFOR\u00c7AP\u00daBLICADES\u00c3OPAULO<\/p>\n","protected":false},"excerpt":{"rendered":"<p>Comunica\u00e7\u00e3o Social 53\u00ba BPM\/I Nesta madrugada (14\/11), policiais militares estavam em patrulhamento pelo centro de Cerqueira C\u00e9sar quando visualizaram um indiv\u00edduo de 21 anos que j\u00e1 era conhecido por praticar diversos furtos pela cidade e que estava com duas panelas e uma assadeira em alum\u00ednio embaixo do seu bra\u00e7o. O homem foi abordado e confessou [&hellip;]<\/p>\n","protected":false},"author":2,"featured_media":698,"comment_status":"open","ping_status":"open","sticky":false,"template":"","format":"standard","meta":{"footnotes":""},"categories":[52],"tags":[],"_links":{"self":[{"href":"https:\/\/sabuguinho.com.br\/site\/wp-json\/wp\/v2\/posts\/697"}],"collection":[{"href":"https:\/\/sabuguinho.com.br\/site\/wp-json\/wp\/v2\/posts"}],"about":[{"href":"https:\/\/sabuguinho.com.br\/site\/wp-json\/wp\/v2\/types\/post"}],"author":[{"embeddable":true,"href":"https:\/\/sabuguinho.com.br\/site\/wp-json\/wp\/v2\/users\/2"}],"replies":[{"embeddable":true,"href":"https:\/\/sabuguinho.com.br\/site\/wp-json\/wp\/v2\/comments?post=697"}],"version-history":[{"count":2,"href":"https:\/\/sabuguinho.com.br\/site\/wp-json\/wp\/v2\/posts\/697\/revisions"}],"predecessor-version":[{"id":701,"href":"https:\/\/sabuguinho.com.br\/site\/wp-json\/wp\/v2\/posts\/697\/revisions\/701"}],"wp:featuredmedia":[{"embeddable":true,"href":"https:\/\/sabuguinho.com.br\/site\/wp-json\/wp\/v2\/media\/698"}],"wp:attachment":[{"href":"https:\/\/sabuguinho.com.br\/site\/wp-json\/wp\/v2\/media?parent=697"}],"wp:term":[{"taxonomy":"category","embeddable":true,"href":"https:\/\/sabuguinho.com.br\/site\/wp-json\/wp\/v2\/categories?post=697"},{"taxonomy":"post_tag","embeddable":true,"href":"https:\/\/sabuguinho.com.br\/site\/wp-json\/wp\/v2\/tags?post=697"}],"curies":[{"name":"wp","href":"https:\/\/api.w.org\/{rel}","templated":true}]}}