{"id":6937,"date":"2024-05-24T18:50:17","date_gmt":"2024-05-24T21:50:17","guid":{"rendered":"https:\/\/sabuguinho.com.br\/site\/?p=6937"},"modified":"2024-05-24T18:50:17","modified_gmt":"2024-05-24T21:50:17","slug":"sessao-solene-na-alesp-celebra-os-150-anos-de-existencia-do-tribunal-de-justica-de-sao-paulo","status":"publish","type":"post","link":"https:\/\/sabuguinho.com.br\/site\/sessao-solene-na-alesp-celebra-os-150-anos-de-existencia-do-tribunal-de-justica-de-sao-paulo\/","title":{"rendered":"Sess\u00e3o Solene na Alesp celebra os 150 anos de exist\u00eancia do Tribunal de Justi\u00e7a de S\u00e3o Paulo"},"content":{"rendered":"<p>Promovida pelo presidente da Assembleia, o deputado Andr\u00e9 do Prado, solenidade contou com entrega do Colar de Honra ao M\u00e9rito Legislativo ao atual presidente do TJ-SP, o desembargador Fernando Ant\u00f4nio Torres Garcia<\/p>\n<p>Por Tom Oliveira &#8211; Fotos: Rodrigo Romeo<\/p>\n<p>A Assembleia Legislativa do Estado de S\u00e3o Paulo, o maior parlamento estadual da Am\u00e9rica Latina, sediou, na noite desta quinta-feira (23), uma Sess\u00e3o Solene para celebrar os 150 anos do maior tribunal do mundo em volume de processos, o Tribunal de Justi\u00e7a do Estado de S\u00e3o Paulo.\u2009\u2003\u200f\u2001\u2004\u200c<br \/>\nOs n\u00fameros do TJ-SP falam por si s\u00f3. Hoje, o Judici\u00e1rio paulista \u00e9 formado por 360 desembargadores, 2500 magistrados e 40 mil servidores espalhados em 320 comarcas. S\u00e3o mais de 20 milh\u00f5es de processos em andamento, o que representa 27% de todo o movimento judici\u00e1rio brasileiro.\u2009\u2003\u200f\u2001\u2004\u200c<br \/>\nHist\u00f3ria e modernidade\u2009\u2003\u200f\u2001\u2004\u200c<br \/>\nO evento festivo foi promovido pelo presidente da Alesp, Andr\u00e9 do Prado (PL), que destacou a lideran\u00e7a do TJ-SP na moderniza\u00e7\u00e3o do sistema judici\u00e1rio para torn\u00e1-lo mais acess\u00edvel e eficiente. &#8220;Ao longo desses 150 anos, o Tribunal de Justi\u00e7a de S\u00e3o Paulo criou iniciativas e programas que n\u00e3o s\u00f3 melhoraram a qualidade da Justi\u00e7a, mas aprimoraram o Poder Judici\u00e1rio e o aproximaram da nossa popula\u00e7\u00e3o&#8221;, salientou.\u2009\u2003\u200f\u2001\u2004\u200c<br \/>\nRepresentando o governador Tarc\u00edsio de Freitas, o secret\u00e1rio estadual de Justi\u00e7a e Cidadania, F\u00e1bio Prieto, citou a participa\u00e7\u00e3o importante do TJ em dois momentos marcantes da hist\u00f3ria: no Movimento Abolicionista no Brasil e na Revolu\u00e7\u00e3o Constitucionalista de 1932. &#8220;Esses epis\u00f3dios, entre muitos outros, demonstram a grandeza, a import\u00e2ncia e a relev\u00e2ncia que esse Tribunal tem para o povo paulista e brasileiro&#8221;, afirmou.<br \/>\n\u2009\u2003\u200f\u2001\u2004\u200c<br \/>\nColar de Honra<br \/>\n\u2009\u2003\u200f\u2001\u2004\u200c<br \/>\nDurante a solenidade, o atual presidente do Judici\u00e1rio Paulista, o desembargador Fernando Ant\u00f4nio Torres Garcia, recebeu o Colar de Honra ao M\u00e9rito Legislativo, a maior honraria concedida pela Assembleia Legislativa.\u2009\u2003\u200f\u2001\u2004\u200c<br \/>\nEm seu discurso, Torres Garcia destacou os n\u00fameros e enalteceu o trabalho do Judici\u00e1rio Paulista. Tamb\u00e9m fez quest\u00e3o de indicar os pr\u00f3ximos passos do Tribunal na dire\u00e7\u00e3o da digitaliza\u00e7\u00e3o de procedimentos, da introdu\u00e7\u00e3o de julgamentos virtuais e do uso da intelig\u00eancia artificial para dar mais celeridade aos trabalhos.\u2009\u2003\u200f\u2001\u2004\u200c<br \/>\n&#8220;Agrade\u00e7o \u00e0 Alesp, na pessoa do presidente Andr\u00e9 do Prado, a outorga da maior honraria concedida pelo Parlamento Paulista. N\u00e3o em meu nome, mas ao Tribunal de S\u00e3o Paulo, o leg\u00edtimo e verdadeiro homenageado desta noite&#8221;, disse.\u2009\u2003\u200f\u2001\u2004\u200c<br \/>\nA celebra\u00e7\u00e3o contou tamb\u00e9m com uma homenagem aos desembargadores e ex-presidentes do TJ-SP: Ricardo Mair Anafe, Geraldo Francisco Pinheiro Franco, Paulo Dimas DeBellis Mascaretti, Jos\u00e9 Renato Nalini, Ivan Ricardo Garisio Sartori e Roberto Antonio Vallim Bellocchi. Todos receberam uma r\u00e9plica do Monumento \u00e0s Bandeiras, do escultor Victor Brecheret.<br \/>\n\u2009\u2003\u200f\u2001\u2004\u200c<br \/>\nTr\u00eas poderes<br \/>\n\u2009\u2003\u200f\u2001\u2004\u200c<br \/>\nA celebra\u00e7\u00e3o dos 150 anos do Tribunal de Justi\u00e7a de S\u00e3o Paulo reuniu membros e representantes do Executivo, do Legislativo e do Judici\u00e1rio. Entre os participantes, estiveram o procurador-geral de Justi\u00e7a de S\u00e3o Paulo, Paulo S\u00e9rgio de Oliveira e Costa, a presidente da OAB-SP, Patr\u00edcia Vanzolini, o secret\u00e1rio municipal de Justi\u00e7a da cidade de S\u00e3o Paulo, Fernando Jos\u00e9 da Costa, o presidente do Tribunal Regional Eleitoral de S\u00e3o Paulo, Silmar Fernandes, o vice-presidente do Tribunal Regional Federal da 3\u00aa Regi\u00e3o, Lu\u00eds Antonio Johonsom di Salvo, o vice-presidente do TJ, Artur C\u00e9sar Beretta da Silveira, o corregedor-geral de justi\u00e7a, Francisco Eduardo Loureiro, e o presidente do Tribunal de Contas do Estado de S\u00e3o Paulo, Renato Martins Costa.<br \/>\n\u2009\u2003\u200f\u2001\u2004\u200c<br \/>\n\u2009\u2003\u200f\u2001<br \/>\n\u2009\u2003\u200f\u2001<\/p>\n","protected":false},"excerpt":{"rendered":"<p>Promovida pelo presidente da Assembleia, o deputado Andr\u00e9 do Prado, solenidade contou com entrega do Colar de Honra ao M\u00e9rito Legislativo ao atual presidente do TJ-SP, o desembargador Fernando Ant\u00f4nio Torres Garcia Por Tom Oliveira &#8211; Fotos: Rodrigo Romeo A Assembleia Legislativa do Estado de S\u00e3o Paulo, o maior parlamento estadual da Am\u00e9rica Latina, sediou, [&hellip;]<\/p>\n","protected":false},"author":2,"featured_media":6938,"comment_status":"open","ping_status":"open","sticky":false,"template":"","format":"standard","meta":{"footnotes":""},"categories":[1],"tags":[],"class_list":["post-6937","post","type-post","status-publish","format-standard","has-post-thumbnail","hentry","category-politicas-em-geral"],"_links":{"self":[{"href":"https:\/\/sabuguinho.com.br\/site\/wp-json\/wp\/v2\/posts\/6937","targetHints":{"allow":["GET"]}}],"collection":[{"href":"https:\/\/sabuguinho.com.br\/site\/wp-json\/wp\/v2\/posts"}],"about":[{"href":"https:\/\/sabuguinho.com.br\/site\/wp-json\/wp\/v2\/types\/post"}],"author":[{"embeddable":true,"href":"https:\/\/sabuguinho.com.br\/site\/wp-json\/wp\/v2\/users\/2"}],"replies":[{"embeddable":true,"href":"https:\/\/sabuguinho.com.br\/site\/wp-json\/wp\/v2\/comments?post=6937"}],"version-history":[{"count":1,"href":"https:\/\/sabuguinho.com.br\/site\/wp-json\/wp\/v2\/posts\/6937\/revisions"}],"predecessor-version":[{"id":6939,"href":"https:\/\/sabuguinho.com.br\/site\/wp-json\/wp\/v2\/posts\/6937\/revisions\/6939"}],"wp:featuredmedia":[{"embeddable":true,"href":"https:\/\/sabuguinho.com.br\/site\/wp-json\/wp\/v2\/media\/6938"}],"wp:attachment":[{"href":"https:\/\/sabuguinho.com.br\/site\/wp-json\/wp\/v2\/media?parent=6937"}],"wp:term":[{"taxonomy":"category","embeddable":true,"href":"https:\/\/sabuguinho.com.br\/site\/wp-json\/wp\/v2\/categories?post=6937"},{"taxonomy":"post_tag","embeddable":true,"href":"https:\/\/sabuguinho.com.br\/site\/wp-json\/wp\/v2\/tags?post=6937"}],"curies":[{"name":"wp","href":"https:\/\/api.w.org\/{rel}","templated":true}]}}