{"id":6931,"date":"2024-05-24T17:06:01","date_gmt":"2024-05-24T20:06:01","guid":{"rendered":"https:\/\/sabuguinho.com.br\/site\/?p=6931"},"modified":"2024-05-24T17:06:01","modified_gmt":"2024-05-24T20:06:01","slug":"tony-ramos-recebe-alta-do-hospital-samaritano-no-rio","status":"publish","type":"post","link":"https:\/\/sabuguinho.com.br\/site\/tony-ramos-recebe-alta-do-hospital-samaritano-no-rio\/","title":{"rendered":"Tony Ramos recebe alta do Hospital Samaritano, no Rio"},"content":{"rendered":"<p>Ator de 75 anos estava internado desde o dia 16<\/p>\n<p>O ator Tony Ramos, de 75 anos, recebeu alta, na manh\u00e3 desta sexta-feira (24). Ele estava internado no Hospital Samaritano de Botafogo, zona sul do Rio de Janeiro, desde o dia 16. A informa\u00e7\u00e3o foi divulgada pelo hospital por meio de nota, \u00e0s 11h.<br \/>\nTony Ramos foi levado ao hospital para tratar um sangramento no c\u00e9rebro e foi submetido a uma cirurgia para drenagem de hematoma subdural, um ac\u00famulo de sangue entre o c\u00e9rebro e o revestimento externo, o cr\u00e2nio. O ator precisou ainda passar por uma segunda interven\u00e7\u00e3o depois do aparecimento de co\u00e1gulos e um novo sangramento intracraniano.<br \/>\nNa \u00faltima quarta-feira (22), ele recebeu alta do Centro de Tratamento Intensivo (CTI) do Samaritano Botafogo. Naquele dia, o boletim m\u00e9dico indicou que o ator continuava em evolu\u00e7\u00e3o no quadro cl\u00ednico e em plena recupera\u00e7\u00e3o.<\/p>\n<p>Causa<\/p>\n<p>Pancadas fortes na cabe\u00e7a s\u00e3o consideradas como a principal causa do hematoma subdural, porque provocam estouros de vasos sangu\u00edneos e geram ac\u00famulo de sangue na regi\u00e3o, o que pressiona o c\u00e9rebro, podendo causar sequelas. Pessoas com mais idade, tratadas com medicamentos que afinam o sangue, ou as que abusam do uso de bebidas alco\u00f3licas, t\u00eam risco maior e s\u00e3o mais suscet\u00edveis ao hematoma subdural ap\u00f3s uma pancada.<\/p>\n<p>Sintomas<\/p>\n<p>Com sintomas similares aos de qualquer ferimento na cabe\u00e7a, quem tem hematoma subdural pode apresentar dor de cabe\u00e7a intensa, confus\u00e3o mental, v\u00f4mitos e fala arrastada, imediatamente ou depois de alguns dias da pancada. Pode at\u00e9 entrar em coma dependendo da pancada. Apesar disso, em alguns casos, o hematoma subdural pode ocorrer sem apresentar sintomas.<\/p>\n<p>Edi\u00e7\u00e3o: Juliana Andrade<\/p>\n","protected":false},"excerpt":{"rendered":"<p>Ator de 75 anos estava internado desde o dia 16 O ator Tony Ramos, de 75 anos, recebeu alta, na manh\u00e3 desta sexta-feira (24). Ele estava internado no Hospital Samaritano de Botafogo, zona sul do Rio de Janeiro, desde o dia 16. A informa\u00e7\u00e3o foi divulgada pelo hospital por meio de nota, \u00e0s 11h. Tony [&hellip;]<\/p>\n","protected":false},"author":2,"featured_media":6932,"comment_status":"open","ping_status":"open","sticky":false,"template":"","format":"standard","meta":{"footnotes":""},"categories":[61],"tags":[],"class_list":["post-6931","post","type-post","status-publish","format-standard","has-post-thumbnail","hentry","category-geral"],"_links":{"self":[{"href":"https:\/\/sabuguinho.com.br\/site\/wp-json\/wp\/v2\/posts\/6931","targetHints":{"allow":["GET"]}}],"collection":[{"href":"https:\/\/sabuguinho.com.br\/site\/wp-json\/wp\/v2\/posts"}],"about":[{"href":"https:\/\/sabuguinho.com.br\/site\/wp-json\/wp\/v2\/types\/post"}],"author":[{"embeddable":true,"href":"https:\/\/sabuguinho.com.br\/site\/wp-json\/wp\/v2\/users\/2"}],"replies":[{"embeddable":true,"href":"https:\/\/sabuguinho.com.br\/site\/wp-json\/wp\/v2\/comments?post=6931"}],"version-history":[{"count":1,"href":"https:\/\/sabuguinho.com.br\/site\/wp-json\/wp\/v2\/posts\/6931\/revisions"}],"predecessor-version":[{"id":6933,"href":"https:\/\/sabuguinho.com.br\/site\/wp-json\/wp\/v2\/posts\/6931\/revisions\/6933"}],"wp:featuredmedia":[{"embeddable":true,"href":"https:\/\/sabuguinho.com.br\/site\/wp-json\/wp\/v2\/media\/6932"}],"wp:attachment":[{"href":"https:\/\/sabuguinho.com.br\/site\/wp-json\/wp\/v2\/media?parent=6931"}],"wp:term":[{"taxonomy":"category","embeddable":true,"href":"https:\/\/sabuguinho.com.br\/site\/wp-json\/wp\/v2\/categories?post=6931"},{"taxonomy":"post_tag","embeddable":true,"href":"https:\/\/sabuguinho.com.br\/site\/wp-json\/wp\/v2\/tags?post=6931"}],"curies":[{"name":"wp","href":"https:\/\/api.w.org\/{rel}","templated":true}]}}