{"id":683,"date":"2023-11-13T22:46:30","date_gmt":"2023-11-14T01:46:30","guid":{"rendered":"https:\/\/sabuguinho.com.br\/site\/?p=683"},"modified":"2023-11-13T22:46:30","modified_gmt":"2023-11-14T01:46:30","slug":"cultura-mayara-eiras-e-eleita-a-rainha-da-emapa-2023","status":"publish","type":"post","link":"https:\/\/sabuguinho.com.br\/site\/cultura-mayara-eiras-e-eleita-a-rainha-da-emapa-2023\/","title":{"rendered":"CULTURA &#8211; Mayara Eiras \u00e9 eleita a rainha da Emapa 2023"},"content":{"rendered":"<p>Isabela Manoel e Yasmin Moura foram escolhidas 1\u00aa princesa e 2\u00aa princesa, respectivamente<\/p>\n<p>A bela Mayara Eiras foi eleita a rainha da Emapa 2023. O concurso reuniu grande um p\u00fablico no Espa\u00e7o Palazzo Garibaldi no s\u00e1bado, 11 de novembro.<br \/>\nIsabella Manoel e Yasmim Moura foram escolhidas a 1\u00aa princesa e a 2\u00aa princesa, respectivamente.<br \/>\nAs 15 representantes da beleza feminina avareense desfilaram em traje social e de luxo. A disputa teve in\u00edcio com o n\u00famero de dan\u00e7a que contou com a participa\u00e7\u00e3o de todas as finalistas.<br \/>\nO prefeito J\u00f4 Silvestre entregou a faixa de rainha \u00e0 vencedora. A vice-prefeita Bruna e a secret\u00e1ria Isabel Cardoso (Cultura) tamb\u00e9m participaram da premia\u00e7\u00e3o. As vencedoras ganharam bolsas de estudo da UniFSP e diversos presentes de patrocinadores.<br \/>\nAs beldades foram julgadas por um elenco de peso. Natacha Cardoso, atual rainha da Festa de Pe\u00e3o de Barretos, foi uma das juradas.<br \/>\nO j\u00fari foi composto ainda pela fot\u00f3grafa Carol Vilela, pela rainha da FAPI 2022 (Ourinhos) Maria Eduarda Correa, pelo influencer Clodoaldo Ata\u00edde e pela Garoto Rodeio da FACITA 2022 (Taquarituba) Vit\u00f3ria Leite.<br \/>\nOs radialistas Ernesto Diniz e Silvana Mota apresentaram a edi\u00e7\u00e3o. As concorrentes foram preparadas pelo core\u00f3grafo Ara\u00fajo.<\/p>\n<p>Show<\/p>\n<p>Atra\u00e7\u00e3o do \u201cEsquenta Emapa: escolha da rainha\u201d, a dupla Kaik &#038; Alessandro subiu ao palco ap\u00f3s a divulga\u00e7\u00e3o dos resultados e comandou a festa at\u00e9 a madrugada.<br \/>\nConfira mais imagens no Facebook e Instagram da Prefeitura de Avar\u00e9.<br \/>\nO concurso Rainha da Emapa \u00e9 uma realiza\u00e7\u00e3o da Secretaria Municipal de Cultura, Organiza\u00e7\u00e3o Estrela, UniFSP e Storm Produ\u00e7\u00f5es.<br \/>\nA 53\u00aa Exposi\u00e7\u00e3o Municipal Agropecu\u00e1ria e Industrial de Avar\u00e9 (Emapa) acontece de 1\u00ba a 10 de dezembro no Parque de Exposi\u00e7\u00f5es \u201cFernando Cruz Pimentel\u201d.<br \/>\nA entrada \u00e9 gratuita. Confira a programa\u00e7\u00e3o completa no link https:\/\/is.gd\/BlWGgs.<\/p>\n<p><img loading=\"lazy\" decoding=\"async\" src=\"https:\/\/sabuguinho.com.br\/site\/wp-content\/uploads\/2023\/11\/Rainha-Mayara-Eiras-comemora-o-resultado-150x100.jpg\" alt=\"\" width=\"150\" height=\"100\" class=\"alignnone size-medium wp-image-684\" srcset=\"https:\/\/sabuguinho.com.br\/site\/wp-content\/uploads\/2023\/11\/Rainha-Mayara-Eiras-comemora-o-resultado-150x100.jpg 150w, https:\/\/sabuguinho.com.br\/site\/wp-content\/uploads\/2023\/11\/Rainha-Mayara-Eiras-comemora-o-resultado-512x341.jpg 512w, https:\/\/sabuguinho.com.br\/site\/wp-content\/uploads\/2023\/11\/Rainha-Mayara-Eiras-comemora-o-resultado-768x512.jpg 768w, https:\/\/sabuguinho.com.br\/site\/wp-content\/uploads\/2023\/11\/Rainha-Mayara-Eiras-comemora-o-resultado-1536x1024.jpg 1536w, https:\/\/sabuguinho.com.br\/site\/wp-content\/uploads\/2023\/11\/Rainha-Mayara-Eiras-comemora-o-resultado-2048x1365.jpg 2048w, https:\/\/sabuguinho.com.br\/site\/wp-content\/uploads\/2023\/11\/Rainha-Mayara-Eiras-comemora-o-resultado-750x500.jpg 750w, https:\/\/sabuguinho.com.br\/site\/wp-content\/uploads\/2023\/11\/Rainha-Mayara-Eiras-comemora-o-resultado-1140x760.jpg 1140w\" sizes=\"(max-width: 150px) 100vw, 150px\" \/><\/p>\n<p><img loading=\"lazy\" decoding=\"async\" src=\"https:\/\/sabuguinho.com.br\/site\/wp-content\/uploads\/2023\/11\/A-2a-Princesa-Yasmin-Moura-150x100.jpg\" alt=\"\" width=\"150\" height=\"100\" class=\"alignnone size-medium wp-image-685\" srcset=\"https:\/\/sabuguinho.com.br\/site\/wp-content\/uploads\/2023\/11\/A-2a-Princesa-Yasmin-Moura-150x100.jpg 150w, https:\/\/sabuguinho.com.br\/site\/wp-content\/uploads\/2023\/11\/A-2a-Princesa-Yasmin-Moura-512x341.jpg 512w, https:\/\/sabuguinho.com.br\/site\/wp-content\/uploads\/2023\/11\/A-2a-Princesa-Yasmin-Moura-768x512.jpg 768w, https:\/\/sabuguinho.com.br\/site\/wp-content\/uploads\/2023\/11\/A-2a-Princesa-Yasmin-Moura-1536x1024.jpg 1536w, https:\/\/sabuguinho.com.br\/site\/wp-content\/uploads\/2023\/11\/A-2a-Princesa-Yasmin-Moura-2048x1365.jpg 2048w, https:\/\/sabuguinho.com.br\/site\/wp-content\/uploads\/2023\/11\/A-2a-Princesa-Yasmin-Moura-750x500.jpg 750w, https:\/\/sabuguinho.com.br\/site\/wp-content\/uploads\/2023\/11\/A-2a-Princesa-Yasmin-Moura-1140x760.jpg 1140w\" sizes=\"(max-width: 150px) 100vw, 150px\" \/><\/p>\n<p><img loading=\"lazy\" decoding=\"async\" src=\"https:\/\/sabuguinho.com.br\/site\/wp-content\/uploads\/2023\/11\/1a-princesa-Isabela-Manoel-150x100.jpg\" alt=\"\" width=\"150\" height=\"100\" class=\"alignnone size-medium wp-image-686\" srcset=\"https:\/\/sabuguinho.com.br\/site\/wp-content\/uploads\/2023\/11\/1a-princesa-Isabela-Manoel-150x100.jpg 150w, https:\/\/sabuguinho.com.br\/site\/wp-content\/uploads\/2023\/11\/1a-princesa-Isabela-Manoel-512x341.jpg 512w, https:\/\/sabuguinho.com.br\/site\/wp-content\/uploads\/2023\/11\/1a-princesa-Isabela-Manoel-768x512.jpg 768w, https:\/\/sabuguinho.com.br\/site\/wp-content\/uploads\/2023\/11\/1a-princesa-Isabela-Manoel-1536x1024.jpg 1536w, https:\/\/sabuguinho.com.br\/site\/wp-content\/uploads\/2023\/11\/1a-princesa-Isabela-Manoel-2048x1365.jpg 2048w, https:\/\/sabuguinho.com.br\/site\/wp-content\/uploads\/2023\/11\/1a-princesa-Isabela-Manoel-750x500.jpg 750w, https:\/\/sabuguinho.com.br\/site\/wp-content\/uploads\/2023\/11\/1a-princesa-Isabela-Manoel-1140x760.jpg 1140w\" sizes=\"(max-width: 150px) 100vw, 150px\" \/><\/p>\n<p><img loading=\"lazy\" decoding=\"async\" src=\"https:\/\/sabuguinho.com.br\/site\/wp-content\/uploads\/2023\/11\/Prefeito-Jo-vice-Bruna-e-secretaria-Isabel-com-as-vencedoras-150x100.jpg\" alt=\"\" width=\"150\" height=\"100\" class=\"alignnone size-medium wp-image-687\" srcset=\"https:\/\/sabuguinho.com.br\/site\/wp-content\/uploads\/2023\/11\/Prefeito-Jo-vice-Bruna-e-secretaria-Isabel-com-as-vencedoras-150x100.jpg 150w, https:\/\/sabuguinho.com.br\/site\/wp-content\/uploads\/2023\/11\/Prefeito-Jo-vice-Bruna-e-secretaria-Isabel-com-as-vencedoras-512x341.jpg 512w, https:\/\/sabuguinho.com.br\/site\/wp-content\/uploads\/2023\/11\/Prefeito-Jo-vice-Bruna-e-secretaria-Isabel-com-as-vencedoras-768x512.jpg 768w, https:\/\/sabuguinho.com.br\/site\/wp-content\/uploads\/2023\/11\/Prefeito-Jo-vice-Bruna-e-secretaria-Isabel-com-as-vencedoras-1536x1024.jpg 1536w, https:\/\/sabuguinho.com.br\/site\/wp-content\/uploads\/2023\/11\/Prefeito-Jo-vice-Bruna-e-secretaria-Isabel-com-as-vencedoras-2048x1365.jpg 2048w, https:\/\/sabuguinho.com.br\/site\/wp-content\/uploads\/2023\/11\/Prefeito-Jo-vice-Bruna-e-secretaria-Isabel-com-as-vencedoras-750x500.jpg 750w, https:\/\/sabuguinho.com.br\/site\/wp-content\/uploads\/2023\/11\/Prefeito-Jo-vice-Bruna-e-secretaria-Isabel-com-as-vencedoras-1140x760.jpg 1140w\" sizes=\"(max-width: 150px) 100vw, 150px\" \/><\/p>\n","protected":false},"excerpt":{"rendered":"<p>Isabela Manoel e Yasmin Moura foram escolhidas 1\u00aa princesa e 2\u00aa princesa, respectivamente A bela Mayara Eiras foi eleita a rainha da Emapa 2023. O concurso reuniu grande um p\u00fablico no Espa\u00e7o Palazzo Garibaldi no s\u00e1bado, 11 de novembro. Isabella Manoel e Yasmim Moura foram escolhidas a 1\u00aa princesa e a 2\u00aa princesa, respectivamente. As [&hellip;]<\/p>\n","protected":false},"author":2,"featured_media":688,"comment_status":"open","ping_status":"open","sticky":false,"template":"","format":"standard","meta":{"footnotes":""},"categories":[51],"tags":[],"_links":{"self":[{"href":"https:\/\/sabuguinho.com.br\/site\/wp-json\/wp\/v2\/posts\/683"}],"collection":[{"href":"https:\/\/sabuguinho.com.br\/site\/wp-json\/wp\/v2\/posts"}],"about":[{"href":"https:\/\/sabuguinho.com.br\/site\/wp-json\/wp\/v2\/types\/post"}],"author":[{"embeddable":true,"href":"https:\/\/sabuguinho.com.br\/site\/wp-json\/wp\/v2\/users\/2"}],"replies":[{"embeddable":true,"href":"https:\/\/sabuguinho.com.br\/site\/wp-json\/wp\/v2\/comments?post=683"}],"version-history":[{"count":1,"href":"https:\/\/sabuguinho.com.br\/site\/wp-json\/wp\/v2\/posts\/683\/revisions"}],"predecessor-version":[{"id":689,"href":"https:\/\/sabuguinho.com.br\/site\/wp-json\/wp\/v2\/posts\/683\/revisions\/689"}],"wp:featuredmedia":[{"embeddable":true,"href":"https:\/\/sabuguinho.com.br\/site\/wp-json\/wp\/v2\/media\/688"}],"wp:attachment":[{"href":"https:\/\/sabuguinho.com.br\/site\/wp-json\/wp\/v2\/media?parent=683"}],"wp:term":[{"taxonomy":"category","embeddable":true,"href":"https:\/\/sabuguinho.com.br\/site\/wp-json\/wp\/v2\/categories?post=683"},{"taxonomy":"post_tag","embeddable":true,"href":"https:\/\/sabuguinho.com.br\/site\/wp-json\/wp\/v2\/tags?post=683"}],"curies":[{"name":"wp","href":"https:\/\/api.w.org\/{rel}","templated":true}]}}