{"id":679,"date":"2023-11-13T22:08:49","date_gmt":"2023-11-14T01:08:49","guid":{"rendered":"https:\/\/sabuguinho.com.br\/site\/?p=679"},"modified":"2023-11-13T22:08:49","modified_gmt":"2023-11-14T01:08:49","slug":"mutirao-do-cadunico-no-centro-de-saude-preve-atualizacao-cadastral-e-cuidados-com-a-saude","status":"publish","type":"post","link":"https:\/\/sabuguinho.com.br\/site\/mutirao-do-cadunico-no-centro-de-saude-preve-atualizacao-cadastral-e-cuidados-com-a-saude\/","title":{"rendered":"Mutir\u00e3o do Cad\u00danico no Centro de Sa\u00fade prev\u00ea atualiza\u00e7\u00e3o cadastral e cuidados com a sa\u00fade"},"content":{"rendered":"<p>Coordenado pela Sa\u00fade e Assist\u00eancia Social, o evento marcado para s\u00e1bado, 18 de novembro, oferecer\u00e1 servi\u00e7os essenciais \u00e0 comunidade, incluindo atualiza\u00e7\u00e3o cadastral e cuidados de sa\u00fade, em uma abordagem integrada<\/p>\n<p>No pr\u00f3ximo s\u00e1bado, 18 de novembro, o Centro de Sa\u00fade Dr. Al\u00e9cio Ravanelli, em Fartura, ser\u00e1 palco de uma iniciativa importante para a comunidade local. A Coordenadoria de Sa\u00fade, em colabora\u00e7\u00e3o com a Pasta da Assist\u00eancia Social, promover\u00e1 um Mutir\u00e3o do Cadastro \u00danico, proporcionando oportunidade para os moradores atualizarem suas informa\u00e7\u00f5es cadastrais.<br \/>\nCom a atualiza\u00e7\u00e3o do Cad\u00danico sendo requisito obrigat\u00f3rio para diversas pol\u00edticas p\u00fablicas, os convocados devem comparecer munidos dos documentos originais de todos os membros do domic\u00edlio. CPF, RG, T\u00edtulo de Eleitor, Carteira de Trabalho, Certid\u00e3o de Casamento\/Nascimento e Comprovante de Endere\u00e7o s\u00e3o documentos essenciais. A equipe estar\u00e1 \u00e0 disposi\u00e7\u00e3o das 8h \u00e0s 17h para auxiliar e orientar durante todo o processo.<br \/>\nAl\u00e9m da atualiza\u00e7\u00e3o cadastral, a a\u00e7\u00e3o proporcionar\u00e1 servi\u00e7os de sa\u00fade fundamentais. Das 8h \u00e0s 14h, ser\u00e3o realizadas pesagens das fam\u00edlias, vacina\u00e7\u00e3o e oferecida a oportunidade para a realiza\u00e7\u00e3o de exames de Papanicolau. Essa abordagem abrangente e integrada destaca a import\u00e2ncia de cuidar tanto das necessidades administrativas quanto da sa\u00fade da comunidade.<\/p>\n","protected":false},"excerpt":{"rendered":"<p>Coordenado pela Sa\u00fade e Assist\u00eancia Social, o evento marcado para s\u00e1bado, 18 de novembro, oferecer\u00e1 servi\u00e7os essenciais \u00e0 comunidade, incluindo atualiza\u00e7\u00e3o cadastral e cuidados de sa\u00fade, em uma abordagem integrada No pr\u00f3ximo s\u00e1bado, 18 de novembro, o Centro de Sa\u00fade Dr. Al\u00e9cio Ravanelli, em Fartura, ser\u00e1 palco de uma iniciativa importante para a comunidade local. [&hellip;]<\/p>\n","protected":false},"author":2,"featured_media":681,"comment_status":"open","ping_status":"open","sticky":false,"template":"","format":"standard","meta":{"footnotes":""},"categories":[51],"tags":[],"_links":{"self":[{"href":"https:\/\/sabuguinho.com.br\/site\/wp-json\/wp\/v2\/posts\/679"}],"collection":[{"href":"https:\/\/sabuguinho.com.br\/site\/wp-json\/wp\/v2\/posts"}],"about":[{"href":"https:\/\/sabuguinho.com.br\/site\/wp-json\/wp\/v2\/types\/post"}],"author":[{"embeddable":true,"href":"https:\/\/sabuguinho.com.br\/site\/wp-json\/wp\/v2\/users\/2"}],"replies":[{"embeddable":true,"href":"https:\/\/sabuguinho.com.br\/site\/wp-json\/wp\/v2\/comments?post=679"}],"version-history":[{"count":1,"href":"https:\/\/sabuguinho.com.br\/site\/wp-json\/wp\/v2\/posts\/679\/revisions"}],"predecessor-version":[{"id":682,"href":"https:\/\/sabuguinho.com.br\/site\/wp-json\/wp\/v2\/posts\/679\/revisions\/682"}],"wp:featuredmedia":[{"embeddable":true,"href":"https:\/\/sabuguinho.com.br\/site\/wp-json\/wp\/v2\/media\/681"}],"wp:attachment":[{"href":"https:\/\/sabuguinho.com.br\/site\/wp-json\/wp\/v2\/media?parent=679"}],"wp:term":[{"taxonomy":"category","embeddable":true,"href":"https:\/\/sabuguinho.com.br\/site\/wp-json\/wp\/v2\/categories?post=679"},{"taxonomy":"post_tag","embeddable":true,"href":"https:\/\/sabuguinho.com.br\/site\/wp-json\/wp\/v2\/tags?post=679"}],"curies":[{"name":"wp","href":"https:\/\/api.w.org\/{rel}","templated":true}]}}