{"id":672,"date":"2023-11-13T17:47:55","date_gmt":"2023-11-13T20:47:55","guid":{"rendered":"https:\/\/sabuguinho.com.br\/site\/?p=672"},"modified":"2023-11-13T17:47:55","modified_gmt":"2023-11-13T20:47:55","slug":"natacao-avareense-mais-uma-vez-no-podio-no-circuito-paulista-de-aguas-abertas-em-bertioga","status":"publish","type":"post","link":"https:\/\/sabuguinho.com.br\/site\/natacao-avareense-mais-uma-vez-no-podio-no-circuito-paulista-de-aguas-abertas-em-bertioga\/","title":{"rendered":"Nata\u00e7\u00e3o Avareense mais uma vez no P\u00f3dio no Circuito Paulista de Aguas  Abertas em Bertioga"},"content":{"rendered":"<p>Neste \u00faltimo Domingo dia 12 de Novembro a Equipe Avareense de<br \/>\nNata\u00e7\u00e3o AAVJ\/SEME\/AVAR\u00c9, esteve em Bertioga disputando a 10\u00aa Etapa<br \/>\ndo Circuito Paulista de \u00c1guas Abertas 2023, e foi a Vice-Campe\u00e3 na Etapa.<br \/>\nAgradecimentos a Secretaria Municipal de Esportes pelo apoio.<br \/>\nResultados Prova 3 Km.<br \/>\nCARLOS ROBERTO DOS SANTOS JUNIOR &#8211; Campe\u00e3o &#8211; Categoria S\u00eanior e 3\u00ba Geral<br \/>\nJONY FERREIRA DA SILVA &#8211; Campe\u00e3o &#8211; Categoria M\u00e1ster A &#8211; CAMPE\u00c3O GERAL<br \/>\nGUSTAVO HENRIQUE DE ANGELO &#8211; Categoria M\u00e1ster &#8211; A 3\u00ba Colocado<br \/>\nMATHEUS DE ANGELO CARREIRA CAPECCI &#8211; Categoria M\u00e1ster &#8211; A &#8211; 4\u00ba Colocado<br \/>\nENRICO LEANDRO CARREIRA CAPECCI &#8211; 8\u00ba Colocado &#8211; Categoria M\u00e1ster &#8211; D<br \/>\nALEXANDRE HIL\u00c1RIO SILVESTRE &#8211; Campe\u00e3o Categoria &#8211; M\u00e1ster E e 4\u00ba Colocado Geral<br \/>\nGIOVANNI JOS\u00c9 CARREIRA CAPECCI &#8211; Vice-Campe\u00e3o &#8211; Categoria M\u00e1ster E<br \/>\nSANDRO OLIVEIRA DA CUNHA &#8211; Vice-Campe\u00e3o &#8211; Categoria M\u00e1ster G<br \/>\nNICOLE LEMES LOUREN\u00c7O DA SILVA &#8211; Vice-Campe\u00e3 &#8211; Categoria Juvenil<br \/>\nFERNANDA ANSELMO MOREIRA &#8211; Campe\u00e3 &#8211; Categoria &#8211; Master &#8211; C e Campe\u00e3 Geral<br \/>\nVANESSA PIMENTEL &#8211; 4\u00aa Colocada &#8211; Categoria &#8211; M\u00e1ster &#8211; Master &#8211; C<br \/>\nMARCIA MARIA DE OLIVEIRA &#8211; Campe\u00e3 &#8211; Categoria &#8211; M\u00e1ster &#8211; E e 5\u00ba Geral<br \/>\nDANIEL SOARES FILHO &#8211; CAMPE\u00c3O &#8211; Categoria Militar Equipado<br \/>\nResultados Prova 1 km.<br \/>\nCARLOS ROBERTO DOS SANTOS JUNIOR &#8211; Campe\u00e3o &#8211; Categoria Junior &#8211; 3\u00ba Geral<br \/>\nJONY FERREIRA DA SILVA &#8211; Campe\u00e3o &#8211; Categoria M\u00e1ster -A e Campe\u00e3o Geral<br \/>\nGUSTAVO HENRIQUE DE ANGELO &#8211; Vice- Campe\u00e3o &#8211; Categoria M\u00e1ster &#8211; A<br \/>\nLAU MARCEL SILVERIO ARAUJO &#8211; Catetoria M\u00e1ster &#8211; A &#8211; 3\u00ba Colocado<br \/>\nALEXANDRE HIL\u00c1RIO SILVESTRE &#8211; Campe\u00e3o &#8211; Categoria &#8211; Master E e 5\u00ba Geral<br \/>\nGIOVANNI JOS\u00c9 C. CAPECCI &#8211; Vice-Campe\u00e3o &#8211; Categoria &#8211; M\u00e1ster E<br \/>\nSANDRO OLIVEIRA DA CUNHA &#8211; Vice-Campe\u00e3o &#8211; Categoria &#8211; M\u00e1ster G<br \/>\nResultados Prova 500 m<br \/>\nCARLOS ROBERTO DOS SANTOS JUNIOR &#8211; Campe\u00e3o &#8211; Categoria &#8211; S\u00eanior e Vice-Campe\u00e3 Geral<br \/>\nJONY FERREIRA DA SILVA &#8211; Campe\u00e3o &#8211; Categoria &#8211; M\u00e1ster &#8211; A e Campe\u00e3 Geral<br \/>\nGUSTAVO HENRIQUE DE ANGELO &#8211; Vice Campe\u00e3o &#8211; Categoria &#8211; Master A<br \/>\nALEXANDRE HIL\u00c1RIO SILVESTRE &#8211; Campe\u00e3o &#8211; Categoria &#8211; M\u00e1ster E<br \/>\nGIOVANNI JOS\u00c9 C. CAPECCI &#8211; Vice-Campe\u00e3o &#8211; Categoria E<br \/>\nSANDRO OLIVEIRA DA CUNHA &#8211; Campe\u00e3o &#8211; Categoria G.<br \/>\nNICOLE L. L. DA SILVA &#8211; Vice-Campe\u00e3 &#8211; Categoria &#8211; Juvenil &#8211; Campe\u00e3<br \/>\nMARIA EDUARDA CAPECCI &#8211; Vice Campe\u00e3 &#8211; Categoria &#8211; S\u00eanior<br \/>\nMARIA CLARA LACERDA NUNES &#8211; 3\u00aa Colocada &#8211; Categoria &#8211; S\u00eanior<br \/>\nFERNANDA ANSELMO MOREIRA &#8211; Campe\u00e3 Cateoria &#8211; Master C e 4\u00aa Colocada Geral<br \/>\nVANESSA PIMENTEL &#8211; Vice-Campe\u00e3 &#8211; Categoria &#8211; M\u00e1ster &#8211; C<br \/>\nMARCIA MARIA DE OLIVEIRA &#8211; Campe\u00e3 &#8211; Categoria &#8211; M\u00e1ster &#8211; E e Campe\u00e3 Geral<br \/>\nT\u00c9CNICO RESPONS\u00c1VEL : PROF SANDRO OLIVEIRA DA CUNHA.<\/p>\n","protected":false},"excerpt":{"rendered":"<p>Neste \u00faltimo Domingo dia 12 de Novembro a Equipe Avareense de Nata\u00e7\u00e3o AAVJ\/SEME\/AVAR\u00c9, esteve em Bertioga disputando a 10\u00aa Etapa do Circuito Paulista de \u00c1guas Abertas 2023, e foi a Vice-Campe\u00e3 na Etapa. Agradecimentos a Secretaria Municipal de Esportes pelo apoio. Resultados Prova 3 Km. CARLOS ROBERTO DOS SANTOS JUNIOR &#8211; Campe\u00e3o &#8211; Categoria S\u00eanior [&hellip;]<\/p>\n","protected":false},"author":2,"featured_media":673,"comment_status":"open","ping_status":"open","sticky":false,"template":"","format":"standard","meta":{"footnotes":""},"categories":[45],"tags":[],"class_list":["post-672","post","type-post","status-publish","format-standard","has-post-thumbnail","hentry","category-esportes"],"_links":{"self":[{"href":"https:\/\/sabuguinho.com.br\/site\/wp-json\/wp\/v2\/posts\/672","targetHints":{"allow":["GET"]}}],"collection":[{"href":"https:\/\/sabuguinho.com.br\/site\/wp-json\/wp\/v2\/posts"}],"about":[{"href":"https:\/\/sabuguinho.com.br\/site\/wp-json\/wp\/v2\/types\/post"}],"author":[{"embeddable":true,"href":"https:\/\/sabuguinho.com.br\/site\/wp-json\/wp\/v2\/users\/2"}],"replies":[{"embeddable":true,"href":"https:\/\/sabuguinho.com.br\/site\/wp-json\/wp\/v2\/comments?post=672"}],"version-history":[{"count":1,"href":"https:\/\/sabuguinho.com.br\/site\/wp-json\/wp\/v2\/posts\/672\/revisions"}],"predecessor-version":[{"id":674,"href":"https:\/\/sabuguinho.com.br\/site\/wp-json\/wp\/v2\/posts\/672\/revisions\/674"}],"wp:featuredmedia":[{"embeddable":true,"href":"https:\/\/sabuguinho.com.br\/site\/wp-json\/wp\/v2\/media\/673"}],"wp:attachment":[{"href":"https:\/\/sabuguinho.com.br\/site\/wp-json\/wp\/v2\/media?parent=672"}],"wp:term":[{"taxonomy":"category","embeddable":true,"href":"https:\/\/sabuguinho.com.br\/site\/wp-json\/wp\/v2\/categories?post=672"},{"taxonomy":"post_tag","embeddable":true,"href":"https:\/\/sabuguinho.com.br\/site\/wp-json\/wp\/v2\/tags?post=672"}],"curies":[{"name":"wp","href":"https:\/\/api.w.org\/{rel}","templated":true}]}}