{"id":647,"date":"2023-11-12T22:31:15","date_gmt":"2023-11-13T01:31:15","guid":{"rendered":"https:\/\/sabuguinho.com.br\/site\/?p=647"},"modified":"2023-11-12T22:32:40","modified_gmt":"2023-11-13T01:32:40","slug":"647-2","status":"publish","type":"post","link":"https:\/\/sabuguinho.com.br\/site\/647-2\/","title":{"rendered":"PROCURADO PELA JUSTI\u00c7A \u00c9 CAPTURADO NA BRAB\u00c2NCIA EM AVAR\u00c9"},"content":{"rendered":"<p>Um homem que estava com mandado de pris\u00e3o expedido pela Justi\u00e7a de Avar\u00e9 foi capturado no s\u00e1bado, dia 11 de novembro, na Pra\u00e7a P\u00fablio Pimentel, na Brab\u00e2ncia.<br \/>\nDurante patrulhamento pela Rua Santos Dumont, uma equipe da Pol\u00edcia Militar, composta pelos Cabos Costa e Monteiro, visualizou o homem passando pela pra\u00e7a. A PM j\u00e1 tinha ci\u00eancia do mandado de pris\u00e3o contra o mesmo por furto qualificado.<br \/>\nO homem foi abordado, sendo que nada de il\u00edcito foi localizado. Os policiais informaram o mesmo sobre o motivo de sua pris\u00e3o.<br \/>\nDiante dos fatos, o homem foi encaminhado ao Plant\u00e3o Policial, onde foi elaborado o registro de ocorr\u00eancia de captura de procurado. O homem ser\u00e1 encaminhado a uma unidade prisional.<\/p>\n","protected":false},"excerpt":{"rendered":"<p>Um homem que estava com mandado de pris\u00e3o expedido pela Justi\u00e7a de Avar\u00e9 foi capturado no s\u00e1bado, dia 11 de novembro, na Pra\u00e7a P\u00fablio Pimentel, na Brab\u00e2ncia. Durante patrulhamento pela Rua Santos Dumont, uma equipe da Pol\u00edcia Militar, composta pelos Cabos Costa e Monteiro, visualizou o homem passando pela pra\u00e7a. A PM j\u00e1 tinha ci\u00eancia [&hellip;]<\/p>\n","protected":false},"author":2,"featured_media":648,"comment_status":"open","ping_status":"open","sticky":false,"template":"","format":"standard","meta":{"footnotes":""},"categories":[52],"tags":[],"_links":{"self":[{"href":"https:\/\/sabuguinho.com.br\/site\/wp-json\/wp\/v2\/posts\/647"}],"collection":[{"href":"https:\/\/sabuguinho.com.br\/site\/wp-json\/wp\/v2\/posts"}],"about":[{"href":"https:\/\/sabuguinho.com.br\/site\/wp-json\/wp\/v2\/types\/post"}],"author":[{"embeddable":true,"href":"https:\/\/sabuguinho.com.br\/site\/wp-json\/wp\/v2\/users\/2"}],"replies":[{"embeddable":true,"href":"https:\/\/sabuguinho.com.br\/site\/wp-json\/wp\/v2\/comments?post=647"}],"version-history":[{"count":3,"href":"https:\/\/sabuguinho.com.br\/site\/wp-json\/wp\/v2\/posts\/647\/revisions"}],"predecessor-version":[{"id":651,"href":"https:\/\/sabuguinho.com.br\/site\/wp-json\/wp\/v2\/posts\/647\/revisions\/651"}],"wp:featuredmedia":[{"embeddable":true,"href":"https:\/\/sabuguinho.com.br\/site\/wp-json\/wp\/v2\/media\/648"}],"wp:attachment":[{"href":"https:\/\/sabuguinho.com.br\/site\/wp-json\/wp\/v2\/media?parent=647"}],"wp:term":[{"taxonomy":"category","embeddable":true,"href":"https:\/\/sabuguinho.com.br\/site\/wp-json\/wp\/v2\/categories?post=647"},{"taxonomy":"post_tag","embeddable":true,"href":"https:\/\/sabuguinho.com.br\/site\/wp-json\/wp\/v2\/tags?post=647"}],"curies":[{"name":"wp","href":"https:\/\/api.w.org\/{rel}","templated":true}]}}