{"id":6417,"date":"2024-05-03T16:16:55","date_gmt":"2024-05-03T19:16:55","guid":{"rendered":"https:\/\/sabuguinho.com.br\/site\/?p=6417"},"modified":"2024-05-03T16:16:55","modified_gmt":"2024-05-03T19:16:55","slug":"carla-flores-cobra-medidas-urgentes-para-melhoria-da-saude-em-avare","status":"publish","type":"post","link":"https:\/\/sabuguinho.com.br\/site\/carla-flores-cobra-medidas-urgentes-para-melhoria-da-saude-em-avare\/","title":{"rendered":"Carla Flores cobra medidas urgentes para melhoria da sa\u00fade em Avar\u00e9"},"content":{"rendered":"<p>Durante a \u00faltima sess\u00e3o da C\u00e2mara Municipal, na ter\u00e7a-feira, 30, a vereadora Carla Flores (MDB) fez um apelo contundente ao prefeito Joselyr Benedito Costa Silvestre, exigindo a\u00e7\u00f5es imediatas para resolver os graves problemas enfrentados na \u00e1rea da sa\u00fade do munic\u00edpio.<br \/>\nCarla Flores destacou os desafios enfrentados pelos cidad\u00e3os de Avar\u00e9 diante da recorrente falta de medicamentos na Farm\u00e1cia Municipal, da car\u00eancia de funcion\u00e1rios no atendimento do Pronto Socorro e das extensas filas de espera para exames e consultas em todas as unidades de sa\u00fade.<br \/>\n&#8220;\u00c9 inadmiss\u00edvel que a popula\u00e7\u00e3o de Avar\u00e9 continue sofrendo com a falta de medicamentos essenciais, a escassez de profissionais no Pronto Socorro, o que implica em uma sobrecarga nos que j\u00e1 trabalham e desempenham suas fun\u00e7\u00f5es, e a demora no atendimento m\u00e9dico. Estamos diante de uma situa\u00e7\u00e3o de emerg\u00eancia que exige a\u00e7\u00e3o imediata por parte do poder p\u00fablico&#8221;, ressaltou a vereadora.<br \/>\nCarla Flores enfatizou que a situa\u00e7\u00e3o tem gerado indigna\u00e7\u00e3o e revolta entre os mun\u00edcipes, que clamam por uma solu\u00e7\u00e3o urgente para garantir o acesso adequado e digno \u00e0 sa\u00fade. &#8220;Ouvimos diariamente os relatos angustiantes da popula\u00e7\u00e3o, que enfrenta dificuldades para obter os medicamentos necess\u00e1rios e espera por horas, e at\u00e9 dias, para ser atendida nos servi\u00e7os de sa\u00fade municipais&#8221;, acrescentou.<br \/>\nDiante deste cen\u00e1rio preocupante, a vereadora Carla Flores reiterou seu compromisso em defender os interesses da comunidade e anunciou que continuar\u00e1 cobrando do Executivo Municipal a ado\u00e7\u00e3o de medidas efetivas para melhorar a qualidade dos servi\u00e7os de sa\u00fade em Avar\u00e9. &#8220;N\u00e3o podemos mais tolerar a neglig\u00eancia com a sa\u00fade de nossos cidad\u00e3os. \u00c9 hora de agir e garantir que todos tenham acesso a um atendimento digno e de qualidade&#8221;, finalizou.<br \/>\nDa Assessoria<\/p>\n","protected":false},"excerpt":{"rendered":"<p>Durante a \u00faltima sess\u00e3o da C\u00e2mara Municipal, na ter\u00e7a-feira, 30, a vereadora Carla Flores (MDB) fez um apelo contundente ao prefeito Joselyr Benedito Costa Silvestre, exigindo a\u00e7\u00f5es imediatas para resolver os graves problemas enfrentados na \u00e1rea da sa\u00fade do munic\u00edpio. Carla Flores destacou os desafios enfrentados pelos cidad\u00e3os de Avar\u00e9 diante da recorrente falta de [&hellip;]<\/p>\n","protected":false},"author":2,"featured_media":6418,"comment_status":"open","ping_status":"open","sticky":false,"template":"","format":"standard","meta":{"footnotes":""},"categories":[58],"tags":[],"class_list":["post-6417","post","type-post","status-publish","format-standard","has-post-thumbnail","hentry","category-noticias-locais"],"_links":{"self":[{"href":"https:\/\/sabuguinho.com.br\/site\/wp-json\/wp\/v2\/posts\/6417","targetHints":{"allow":["GET"]}}],"collection":[{"href":"https:\/\/sabuguinho.com.br\/site\/wp-json\/wp\/v2\/posts"}],"about":[{"href":"https:\/\/sabuguinho.com.br\/site\/wp-json\/wp\/v2\/types\/post"}],"author":[{"embeddable":true,"href":"https:\/\/sabuguinho.com.br\/site\/wp-json\/wp\/v2\/users\/2"}],"replies":[{"embeddable":true,"href":"https:\/\/sabuguinho.com.br\/site\/wp-json\/wp\/v2\/comments?post=6417"}],"version-history":[{"count":1,"href":"https:\/\/sabuguinho.com.br\/site\/wp-json\/wp\/v2\/posts\/6417\/revisions"}],"predecessor-version":[{"id":6419,"href":"https:\/\/sabuguinho.com.br\/site\/wp-json\/wp\/v2\/posts\/6417\/revisions\/6419"}],"wp:featuredmedia":[{"embeddable":true,"href":"https:\/\/sabuguinho.com.br\/site\/wp-json\/wp\/v2\/media\/6418"}],"wp:attachment":[{"href":"https:\/\/sabuguinho.com.br\/site\/wp-json\/wp\/v2\/media?parent=6417"}],"wp:term":[{"taxonomy":"category","embeddable":true,"href":"https:\/\/sabuguinho.com.br\/site\/wp-json\/wp\/v2\/categories?post=6417"},{"taxonomy":"post_tag","embeddable":true,"href":"https:\/\/sabuguinho.com.br\/site\/wp-json\/wp\/v2\/tags?post=6417"}],"curies":[{"name":"wp","href":"https:\/\/api.w.org\/{rel}","templated":true}]}}