{"id":6407,"date":"2024-05-03T16:07:56","date_gmt":"2024-05-03T19:07:56","guid":{"rendered":"https:\/\/sabuguinho.com.br\/site\/?p=6407"},"modified":"2024-05-03T16:07:56","modified_gmt":"2024-05-03T19:07:56","slug":"1o-encontro-paulista-de-vereadores-em-prol-da-vida-deve-ser-realizado-em-junho-diz-coordenadora-estadual-de-sao-paulo-deputada-simone-marquetto","status":"publish","type":"post","link":"https:\/\/sabuguinho.com.br\/site\/1o-encontro-paulista-de-vereadores-em-prol-da-vida-deve-ser-realizado-em-junho-diz-coordenadora-estadual-de-sao-paulo-deputada-simone-marquetto\/","title":{"rendered":"1\u00ba Encontro Paulista de Vereadores em Prol da Vida deve ser realizado em junho diz Coordenadora Estadual de S\u00e3o Paulo, deputada Simone Marquetto"},"content":{"rendered":"<p>Foi realizada na Assembleia Legislativa de S\u00e3o Paulo, a primeira reuni\u00e3o da deputada federal Simone Marquetto (MDB-SP) como Coordenadora do Estado de S\u00e3o Paulo da Frente Parlamentar Pr\u00f3-Vida no Congresso Nacional.<br \/>\nCom o deputado estadual, Rog\u00e9rio Santos, que tamb\u00e9m \u00e9 do MDB e a vereadora Sonaira Fernandes, a parlamentar federal Simone Marquetto explicou que foram discutidas pol\u00edticas p\u00fablicas com diversas lideran\u00e7as do Movimento Pr\u00f3-Vida.<br \/>\n\u201cSa\u00edmos com a miss\u00e3o de promover o 1\u00ba Encontro Paulista de Vereadores em Prol da Vida, que ser\u00e1 no in\u00edcio de junho. Ent\u00e3o, vereadores, logo vamos partilhar todas as informa\u00e7\u00f5es com voc\u00eas\u201d, disse a deputada federal Simone Marquetto.<br \/>\nA Frente Parlamentar Mista contra o Aborto e em Defesa da Vida \u00e9 composta por senadores e deputados federais. Cada coordenador representa o seu estado que foi eleito e deve trabalhar no estado pela Frente Parlamentar. Entre as a\u00e7\u00f5es, proteger a vida, incentivar projetos estaduais, realizar a tem\u00e1ticas, F\u00f3runs, articula\u00e7\u00f5es, fiscaliza\u00e7\u00f5es, incentivar capacita\u00e7\u00f5es, entre outros.<br \/>\nAs coordenadorias tem por finalidade a defesa do direito \u00e0 vida, desde o momento da concep\u00e7\u00e3o, bem como propor e discutir as pol\u00edticas p\u00fablicas.<br \/>\nDurante o lan\u00e7amento da Frente Parlamentar Mista contra o Aborto e em Defesa da Vida na C\u00e2mara dos Deputados, a deputada federal Simone Marquetto assumiu a Coordenadoria do Pr\u00f3-Vida do Estado de S\u00e3o Paulo e fez uso da palavra.<br \/>\n\u201cN\u00e3o tem mais que argumentar a vida. Ela por si s\u00f3 \u00e9 um grande argumento. Estamos aqui. \u00c9 o dom da vida. Eu estou aqui por aqui eu quero o c\u00e9u. E para a gente ter o c\u00e9u, a gente tem que ter os valores. N\u00f3s temos que ter os mandamentos. N\u00f3s temos que cumprir a vontade de Deus\u201d, destacou a parlamentar Simone Marquetto.<br \/>\nA parlamentar ressaltou ainda que sempre lutou contra o aborto. \u201cDesde o ventre da minha m\u00e3e. Quando ela estava gr\u00e1vida e apresentou problemas nos rins, o m\u00e9dico queria que ela abortasse e minha m\u00e3e disse que iria em frente at\u00e9 o fim da gesta\u00e7\u00e3o e que n\u00e3o iria abortar. Gra\u00e7as a Deus, estamos juntas para contar essa hist\u00f3ria\u201d, disse a deputada Simone Marquetto.<\/p>\n<p><img loading=\"lazy\" decoding=\"async\" src=\"https:\/\/sabuguinho.com.br\/site\/wp-content\/uploads\/2024\/05\/IMG-20240503-WA0002-150x113.jpg\" alt=\"\" width=\"150\" height=\"113\" class=\"alignnone size-medium wp-image-6410\" srcset=\"https:\/\/sabuguinho.com.br\/site\/wp-content\/uploads\/2024\/05\/IMG-20240503-WA0002-150x113.jpg 150w, https:\/\/sabuguinho.com.br\/site\/wp-content\/uploads\/2024\/05\/IMG-20240503-WA0002-512x384.jpg 512w, https:\/\/sabuguinho.com.br\/site\/wp-content\/uploads\/2024\/05\/IMG-20240503-WA0002-768x576.jpg 768w, https:\/\/sabuguinho.com.br\/site\/wp-content\/uploads\/2024\/05\/IMG-20240503-WA0002-1536x1152.jpg 1536w, https:\/\/sabuguinho.com.br\/site\/wp-content\/uploads\/2024\/05\/IMG-20240503-WA0002-750x563.jpg 750w, https:\/\/sabuguinho.com.br\/site\/wp-content\/uploads\/2024\/05\/IMG-20240503-WA0002-1140x855.jpg 1140w, https:\/\/sabuguinho.com.br\/site\/wp-content\/uploads\/2024\/05\/IMG-20240503-WA0002.jpg 1600w\" sizes=\"auto, (max-width: 150px) 100vw, 150px\" \/><\/p>\n","protected":false},"excerpt":{"rendered":"<p>Foi realizada na Assembleia Legislativa de S\u00e3o Paulo, a primeira reuni\u00e3o da deputada federal Simone Marquetto (MDB-SP) como Coordenadora do Estado de S\u00e3o Paulo da Frente Parlamentar Pr\u00f3-Vida no Congresso Nacional. Com o deputado estadual, Rog\u00e9rio Santos, que tamb\u00e9m \u00e9 do MDB e a vereadora Sonaira Fernandes, a parlamentar federal Simone Marquetto explicou que foram [&hellip;]<\/p>\n","protected":false},"author":2,"featured_media":6411,"comment_status":"open","ping_status":"open","sticky":false,"template":"","format":"standard","meta":{"footnotes":""},"categories":[51],"tags":[],"class_list":["post-6407","post","type-post","status-publish","format-standard","has-post-thumbnail","hentry","category-noticias-regionais"],"_links":{"self":[{"href":"https:\/\/sabuguinho.com.br\/site\/wp-json\/wp\/v2\/posts\/6407","targetHints":{"allow":["GET"]}}],"collection":[{"href":"https:\/\/sabuguinho.com.br\/site\/wp-json\/wp\/v2\/posts"}],"about":[{"href":"https:\/\/sabuguinho.com.br\/site\/wp-json\/wp\/v2\/types\/post"}],"author":[{"embeddable":true,"href":"https:\/\/sabuguinho.com.br\/site\/wp-json\/wp\/v2\/users\/2"}],"replies":[{"embeddable":true,"href":"https:\/\/sabuguinho.com.br\/site\/wp-json\/wp\/v2\/comments?post=6407"}],"version-history":[{"count":1,"href":"https:\/\/sabuguinho.com.br\/site\/wp-json\/wp\/v2\/posts\/6407\/revisions"}],"predecessor-version":[{"id":6412,"href":"https:\/\/sabuguinho.com.br\/site\/wp-json\/wp\/v2\/posts\/6407\/revisions\/6412"}],"wp:featuredmedia":[{"embeddable":true,"href":"https:\/\/sabuguinho.com.br\/site\/wp-json\/wp\/v2\/media\/6411"}],"wp:attachment":[{"href":"https:\/\/sabuguinho.com.br\/site\/wp-json\/wp\/v2\/media?parent=6407"}],"wp:term":[{"taxonomy":"category","embeddable":true,"href":"https:\/\/sabuguinho.com.br\/site\/wp-json\/wp\/v2\/categories?post=6407"},{"taxonomy":"post_tag","embeddable":true,"href":"https:\/\/sabuguinho.com.br\/site\/wp-json\/wp\/v2\/tags?post=6407"}],"curies":[{"name":"wp","href":"https:\/\/api.w.org\/{rel}","templated":true}]}}