{"id":6327,"date":"2024-04-29T12:02:32","date_gmt":"2024-04-29T15:02:32","guid":{"rendered":"https:\/\/sabuguinho.com.br\/site\/?p=6327"},"modified":"2024-04-29T12:02:32","modified_gmt":"2024-04-29T15:02:32","slug":"educacao-programa-oferece-curso-tecnico-em-escolas-estaduais-da-regiao","status":"publish","type":"post","link":"https:\/\/sabuguinho.com.br\/site\/educacao-programa-oferece-curso-tecnico-em-escolas-estaduais-da-regiao\/","title":{"rendered":"EDUCA\u00c7\u00c3O &#8211;  Programa oferece curso t\u00e9cnico em escolas estaduais da regi\u00e3o"},"content":{"rendered":"<p>Alunos podem fazer inscri\u00e7\u00e3o at\u00e9 10 de maio na Secretaria Escolar Digital (SED) das pr\u00f3prias unidades<\/p>\n<p>A Secretaria de Educa\u00e7\u00e3o do Estado de S\u00e3o Paulo est\u00e1 oferecendo curso t\u00e9cnico de n\u00edvel m\u00e9dio em 11 escolas na Diretoria Regional de Ensino de Avar\u00e9.<br \/>\nS\u00e3o 8 escolas com ofertas diretas e 3 escolas com oferta em parceria com a ETEC. A ades\u00e3o \u00e9 v\u00e1lida para 2025.<br \/>\nOs cursos t\u00e9cnicos dispon\u00edveis em Avar\u00e9 e regi\u00e3o s\u00e3o Administra\u00e7\u00e3o, Hospedagem, Log\u00edstica, Vendas, Agroneg\u00f3cio, Desenvolvimento de Sistemas e Farm\u00e1cia.<br \/>\nO Programa Educa\u00e7\u00e3o Profissional Paulista contemplou 343 alunos em 2024, mas a Diretoria de Ensino de Avar\u00e9 pretende aumentar esse n\u00famero em 2025.<br \/>\nOs alunos da Rede Estadual que est\u00e3o cursando a 1\u00aa s\u00e9rie do Ensino M\u00e9dio ter\u00e3o a oportunidade de escolher at\u00e9 3 op\u00e7\u00f5es de cursos t\u00e9cnicos no pr\u00f3ximo ano.<br \/>\nOs estudantes t\u00eam at\u00e9 10 de maio para aderir ao programa. A inscri\u00e7\u00e3o deve ser feita na Secretaria Escolar Digital (SED) nas escolas onde o aluno est\u00e1 matriculado.<\/p>\n","protected":false},"excerpt":{"rendered":"<p>Alunos podem fazer inscri\u00e7\u00e3o at\u00e9 10 de maio na Secretaria Escolar Digital (SED) das pr\u00f3prias unidades A Secretaria de Educa\u00e7\u00e3o do Estado de S\u00e3o Paulo est\u00e1 oferecendo curso t\u00e9cnico de n\u00edvel m\u00e9dio em 11 escolas na Diretoria Regional de Ensino de Avar\u00e9. S\u00e3o 8 escolas com ofertas diretas e 3 escolas com oferta em parceria [&hellip;]<\/p>\n","protected":false},"author":2,"featured_media":6328,"comment_status":"open","ping_status":"open","sticky":false,"template":"","format":"standard","meta":{"footnotes":""},"categories":[58],"tags":[],"class_list":["post-6327","post","type-post","status-publish","format-standard","has-post-thumbnail","hentry","category-noticias-locais"],"_links":{"self":[{"href":"https:\/\/sabuguinho.com.br\/site\/wp-json\/wp\/v2\/posts\/6327","targetHints":{"allow":["GET"]}}],"collection":[{"href":"https:\/\/sabuguinho.com.br\/site\/wp-json\/wp\/v2\/posts"}],"about":[{"href":"https:\/\/sabuguinho.com.br\/site\/wp-json\/wp\/v2\/types\/post"}],"author":[{"embeddable":true,"href":"https:\/\/sabuguinho.com.br\/site\/wp-json\/wp\/v2\/users\/2"}],"replies":[{"embeddable":true,"href":"https:\/\/sabuguinho.com.br\/site\/wp-json\/wp\/v2\/comments?post=6327"}],"version-history":[{"count":1,"href":"https:\/\/sabuguinho.com.br\/site\/wp-json\/wp\/v2\/posts\/6327\/revisions"}],"predecessor-version":[{"id":6329,"href":"https:\/\/sabuguinho.com.br\/site\/wp-json\/wp\/v2\/posts\/6327\/revisions\/6329"}],"wp:featuredmedia":[{"embeddable":true,"href":"https:\/\/sabuguinho.com.br\/site\/wp-json\/wp\/v2\/media\/6328"}],"wp:attachment":[{"href":"https:\/\/sabuguinho.com.br\/site\/wp-json\/wp\/v2\/media?parent=6327"}],"wp:term":[{"taxonomy":"category","embeddable":true,"href":"https:\/\/sabuguinho.com.br\/site\/wp-json\/wp\/v2\/categories?post=6327"},{"taxonomy":"post_tag","embeddable":true,"href":"https:\/\/sabuguinho.com.br\/site\/wp-json\/wp\/v2\/tags?post=6327"}],"curies":[{"name":"wp","href":"https:\/\/api.w.org\/{rel}","templated":true}]}}