{"id":6322,"date":"2024-04-29T11:53:06","date_gmt":"2024-04-29T14:53:06","guid":{"rendered":"https:\/\/sabuguinho.com.br\/site\/?p=6322"},"modified":"2024-04-29T11:53:06","modified_gmt":"2024-04-29T14:53:06","slug":"lei-isadora-de-autoria-da-deputada-federal-simone-marquetto-esta-na-comissao-da-saude-da-camara-federal","status":"publish","type":"post","link":"https:\/\/sabuguinho.com.br\/site\/lei-isadora-de-autoria-da-deputada-federal-simone-marquetto-esta-na-comissao-da-saude-da-camara-federal\/","title":{"rendered":"&#8220;Lei Isadora\u201d de autoria da deputada federal Simone Marquetto est\u00e1 na Comiss\u00e3o da Sa\u00fade da C\u00e2mara Federal"},"content":{"rendered":"<p>\u201cProtocolado na C\u00e2mara Federal, o Projeto de Lei 3607\/2023, conhecido com a \u201cLei Isadora\u201d, que torna obrigat\u00f3ria a prescri\u00e7\u00e3o de exames pr\u00e9-operat\u00f3rios para cirurgias odontol\u00f3gicas, de autoria da deputada federal Simone Marquetto (MDB-SP) est\u00e1 em tramita\u00e7\u00e3o na Comiss\u00e3o de Sa\u00fade. \u201cSeguimos trabalhando para que seja aprovado na C\u00e2mara dos Deputados o mais rapidamente poss\u00edvel\u201d, destacou a parlamentar Marquetto.<br \/>\nSimone Marquetto contou que esse projeto foi elaborado e protocolado ap\u00f3s ter conhecimento da morte precoce da jovem Isadora de 18 anos, no interior de S\u00e3o Paulo.<br \/>\n\u201cEra julho de 2023, quando tomamos conhecimento pela m\u00eddia, do caso da jovem Isadora, que faleceu ap\u00f3s realizar uma cirurgia para extra\u00e7\u00e3o dos dentes do siso. Procurei pelos pais da Isadora, o casal Ricardo e Grasiela, para entender a situa\u00e7\u00e3o e imediatamente coloquei meu mandato \u00e0 disposi\u00e7\u00e3o para evitar que mais casos como esse ocorressem\u201d, salientou a deputada federal Simone Marquetto.<br \/>\nPelas redes sociais os pais da Isadora mobilizaram o pa\u00eds. Com isso, a parlamentar disse que teve acesso a dezenas de relatos, de pessoas que tiveram intercorr\u00eancias ap\u00f3s procedimentos cir\u00fargicos odontol\u00f3gicos.<br \/>\nNo fim de semana, Simone Marquetto participou da missa em mem\u00f3ria ao primeiro ano de falecimento da Isadora, em Porto Feliz, cidade onde mora a fam\u00edlia, Grasiela e Ricardo, pais da jovem.<br \/>\nTamb\u00e9m teve a oportunidade de conhecer outras m\u00e3es que passaram pelo luto. \u201cNem todas pelos mesmos motivos da Isadora, mas s\u00e3o m\u00e3es que choram a partida precoce dos seus filhos. Como crist\u00e3os, devemos assumir o compromisso de sempre apresentar essas m\u00e3es em nossas ora\u00e7\u00f5es. Para que com o amor de Deus e a docilidade de Nossa Senhora, essas fam\u00edlias sejam abra\u00e7adas e consoladas\u201d, finalizou a parlamentar Marquetto.<\/p>\n<p><img loading=\"lazy\" decoding=\"async\" src=\"https:\/\/sabuguinho.com.br\/site\/wp-content\/uploads\/2024\/04\/IMG-20240429-WA0067-150x113.jpg\" alt=\"\" width=\"150\" height=\"113\" class=\"alignnone size-medium wp-image-6323\" srcset=\"https:\/\/sabuguinho.com.br\/site\/wp-content\/uploads\/2024\/04\/IMG-20240429-WA0067-150x113.jpg 150w, https:\/\/sabuguinho.com.br\/site\/wp-content\/uploads\/2024\/04\/IMG-20240429-WA0067-512x386.jpg 512w, https:\/\/sabuguinho.com.br\/site\/wp-content\/uploads\/2024\/04\/IMG-20240429-WA0067-768x579.jpg 768w, https:\/\/sabuguinho.com.br\/site\/wp-content\/uploads\/2024\/04\/IMG-20240429-WA0067-750x565.jpg 750w, https:\/\/sabuguinho.com.br\/site\/wp-content\/uploads\/2024\/04\/IMG-20240429-WA0067-1140x859.jpg 1140w, https:\/\/sabuguinho.com.br\/site\/wp-content\/uploads\/2024\/04\/IMG-20240429-WA0067.jpg 1440w\" sizes=\"auto, (max-width: 150px) 100vw, 150px\" \/><\/p>\n","protected":false},"excerpt":{"rendered":"<p>\u201cProtocolado na C\u00e2mara Federal, o Projeto de Lei 3607\/2023, conhecido com a \u201cLei Isadora\u201d, que torna obrigat\u00f3ria a prescri\u00e7\u00e3o de exames pr\u00e9-operat\u00f3rios para cirurgias odontol\u00f3gicas, de autoria da deputada federal Simone Marquetto (MDB-SP) est\u00e1 em tramita\u00e7\u00e3o na Comiss\u00e3o de Sa\u00fade. \u201cSeguimos trabalhando para que seja aprovado na C\u00e2mara dos Deputados o mais rapidamente poss\u00edvel\u201d, destacou [&hellip;]<\/p>\n","protected":false},"author":2,"featured_media":6324,"comment_status":"open","ping_status":"open","sticky":false,"template":"","format":"standard","meta":{"footnotes":""},"categories":[51],"tags":[],"class_list":["post-6322","post","type-post","status-publish","format-standard","has-post-thumbnail","hentry","category-noticias-regionais"],"_links":{"self":[{"href":"https:\/\/sabuguinho.com.br\/site\/wp-json\/wp\/v2\/posts\/6322","targetHints":{"allow":["GET"]}}],"collection":[{"href":"https:\/\/sabuguinho.com.br\/site\/wp-json\/wp\/v2\/posts"}],"about":[{"href":"https:\/\/sabuguinho.com.br\/site\/wp-json\/wp\/v2\/types\/post"}],"author":[{"embeddable":true,"href":"https:\/\/sabuguinho.com.br\/site\/wp-json\/wp\/v2\/users\/2"}],"replies":[{"embeddable":true,"href":"https:\/\/sabuguinho.com.br\/site\/wp-json\/wp\/v2\/comments?post=6322"}],"version-history":[{"count":2,"href":"https:\/\/sabuguinho.com.br\/site\/wp-json\/wp\/v2\/posts\/6322\/revisions"}],"predecessor-version":[{"id":6326,"href":"https:\/\/sabuguinho.com.br\/site\/wp-json\/wp\/v2\/posts\/6322\/revisions\/6326"}],"wp:featuredmedia":[{"embeddable":true,"href":"https:\/\/sabuguinho.com.br\/site\/wp-json\/wp\/v2\/media\/6324"}],"wp:attachment":[{"href":"https:\/\/sabuguinho.com.br\/site\/wp-json\/wp\/v2\/media?parent=6322"}],"wp:term":[{"taxonomy":"category","embeddable":true,"href":"https:\/\/sabuguinho.com.br\/site\/wp-json\/wp\/v2\/categories?post=6322"},{"taxonomy":"post_tag","embeddable":true,"href":"https:\/\/sabuguinho.com.br\/site\/wp-json\/wp\/v2\/tags?post=6322"}],"curies":[{"name":"wp","href":"https:\/\/api.w.org\/{rel}","templated":true}]}}