{"id":6020,"date":"2024-04-18T18:50:20","date_gmt":"2024-04-18T21:50:20","guid":{"rendered":"https:\/\/sabuguinho.com.br\/site\/?p=6020"},"modified":"2024-04-18T18:50:20","modified_gmt":"2024-04-18T21:50:20","slug":"social-restaurante-municipal-prato-do-povo-ja-serviu-mais-de-99-mil-refeicoes","status":"publish","type":"post","link":"https:\/\/sabuguinho.com.br\/site\/social-restaurante-municipal-prato-do-povo-ja-serviu-mais-de-99-mil-refeicoes\/","title":{"rendered":"SOCIAL &#8211; Restaurante Municipal \u201cPrato do Povo\u201d j\u00e1 serviu mais de 99 mil refei\u00e7\u00f5es"},"content":{"rendered":"<p>Integralmente custeado pela Prefeitura de Avar\u00e9, estabelecimento oferece alimenta\u00e7\u00e3o de qualidade por apenas R$ 1,99<\/p>\n<p>\u00c0s v\u00e9speras de completar um ano, o Restaurante Municipal \u201cPrato do Povo\u201d contabiliza mais de 99 mil refei\u00e7\u00f5es servidas em Avar\u00e9.<br \/>\nIntegralmente custeado pela Prefeitura da Est\u00e2ncia Tur\u00edstica de Avar\u00e9, o \u201cPrato do Povo\u201d oferece alimenta\u00e7\u00e3o de qualidade por apenas R$ 1,99 a quem mais precisa.<br \/>\nO servi\u00e7o inaugurado em maio de 2023 representou um ganho social sem precedentes na hist\u00f3ria da cidade, sendo reconhecido em todo o Estado deS\u00e3o Paulo.<br \/>\nO contrato prev\u00ea o fornecimento de 400 refei\u00e7\u00f5es por dia durante o hor\u00e1rio de almo\u00e7o, de segunda a s\u00e1bado<br \/>\n\u201c\u00c9 o direito \u00e0 alimenta\u00e7\u00e3o garantido a todos\u201d, comemora o Fundo Social de Solidariedade de Avar\u00e9, que d\u00e1 apoio \u00e0 iniciativa.<\/p>\n<p>Card\u00e1pio<\/p>\n<p>O card\u00e1pio balanceado \u00e9 feito por nutricionistas e executado por uma equipe de profissionais, o que garante a qualidade da alimenta\u00e7\u00e3o.<br \/>\nO menu conta com prato principal (carne bovina, frango, su\u00edna, embutidos ou feijoada), guarni\u00e7\u00e3o (legumes, verduras, farin\u00e1ceos, cremes e outros) salada (folhas, legumes e outros), sobremesa (fruta ou doces industrializados e manipulados), refresco (suco em p\u00f3 de diversos sabores) e acompanhamento (arroz, feij\u00e3o e mini p\u00e3o).<\/p>\n<p>Saiba mais<\/p>\n<p>O Restaurante Municipal \u201cPrato do Povo\u201d fica na Rua Santa Catarina, n\u00ba 1209. O atendimento ao p\u00fablico tem in\u00edcio \u00e0s 11 horas e segue at\u00e9 o esgotamento da cota di\u00e1ria de 400 refei\u00e7\u00f5es. O estabelecimento tem mesa espec\u00edfica para pessoa com defici\u00eancia.<\/p>\n<p><img loading=\"lazy\" decoding=\"async\" src=\"https:\/\/sabuguinho.com.br\/site\/wp-content\/uploads\/2024\/04\/Restaurante-Municipal-Prato-do-Povo-I-Arquivo-Secom-4-150x100.jpg\" alt=\"\" width=\"150\" height=\"100\" class=\"alignnone size-medium wp-image-6021\" srcset=\"https:\/\/sabuguinho.com.br\/site\/wp-content\/uploads\/2024\/04\/Restaurante-Municipal-Prato-do-Povo-I-Arquivo-Secom-4-150x100.jpg 150w, https:\/\/sabuguinho.com.br\/site\/wp-content\/uploads\/2024\/04\/Restaurante-Municipal-Prato-do-Povo-I-Arquivo-Secom-4-512x341.jpg 512w, https:\/\/sabuguinho.com.br\/site\/wp-content\/uploads\/2024\/04\/Restaurante-Municipal-Prato-do-Povo-I-Arquivo-Secom-4-768x512.jpg 768w, https:\/\/sabuguinho.com.br\/site\/wp-content\/uploads\/2024\/04\/Restaurante-Municipal-Prato-do-Povo-I-Arquivo-Secom-4-1536x1024.jpg 1536w, https:\/\/sabuguinho.com.br\/site\/wp-content\/uploads\/2024\/04\/Restaurante-Municipal-Prato-do-Povo-I-Arquivo-Secom-4-2048x1365.jpg 2048w, https:\/\/sabuguinho.com.br\/site\/wp-content\/uploads\/2024\/04\/Restaurante-Municipal-Prato-do-Povo-I-Arquivo-Secom-4-750x500.jpg 750w, https:\/\/sabuguinho.com.br\/site\/wp-content\/uploads\/2024\/04\/Restaurante-Municipal-Prato-do-Povo-I-Arquivo-Secom-4-1140x760.jpg 1140w\" sizes=\"auto, (max-width: 150px) 100vw, 150px\" \/><\/p>\n<p><img loading=\"lazy\" decoding=\"async\" src=\"https:\/\/sabuguinho.com.br\/site\/wp-content\/uploads\/2024\/04\/Restaurante-Municipal-Prato-do-Povo-I-Arquivo-Secom-2-150x100.jpg\" alt=\"\" width=\"150\" height=\"100\" class=\"alignnone size-medium wp-image-6022\" srcset=\"https:\/\/sabuguinho.com.br\/site\/wp-content\/uploads\/2024\/04\/Restaurante-Municipal-Prato-do-Povo-I-Arquivo-Secom-2-150x100.jpg 150w, https:\/\/sabuguinho.com.br\/site\/wp-content\/uploads\/2024\/04\/Restaurante-Municipal-Prato-do-Povo-I-Arquivo-Secom-2-512x341.jpg 512w, https:\/\/sabuguinho.com.br\/site\/wp-content\/uploads\/2024\/04\/Restaurante-Municipal-Prato-do-Povo-I-Arquivo-Secom-2-768x512.jpg 768w, https:\/\/sabuguinho.com.br\/site\/wp-content\/uploads\/2024\/04\/Restaurante-Municipal-Prato-do-Povo-I-Arquivo-Secom-2-1536x1024.jpg 1536w, https:\/\/sabuguinho.com.br\/site\/wp-content\/uploads\/2024\/04\/Restaurante-Municipal-Prato-do-Povo-I-Arquivo-Secom-2-2048x1365.jpg 2048w, https:\/\/sabuguinho.com.br\/site\/wp-content\/uploads\/2024\/04\/Restaurante-Municipal-Prato-do-Povo-I-Arquivo-Secom-2-750x500.jpg 750w, https:\/\/sabuguinho.com.br\/site\/wp-content\/uploads\/2024\/04\/Restaurante-Municipal-Prato-do-Povo-I-Arquivo-Secom-2-1140x760.jpg 1140w\" sizes=\"auto, (max-width: 150px) 100vw, 150px\" \/><\/p>\n<p><img loading=\"lazy\" decoding=\"async\" src=\"https:\/\/sabuguinho.com.br\/site\/wp-content\/uploads\/2024\/04\/Restaurante-Municipal-Prato-do-Povo-I-Arquivo-Secom-1-150x100.jpg\" alt=\"\" width=\"150\" height=\"100\" class=\"alignnone size-medium wp-image-6023\" srcset=\"https:\/\/sabuguinho.com.br\/site\/wp-content\/uploads\/2024\/04\/Restaurante-Municipal-Prato-do-Povo-I-Arquivo-Secom-1-150x100.jpg 150w, https:\/\/sabuguinho.com.br\/site\/wp-content\/uploads\/2024\/04\/Restaurante-Municipal-Prato-do-Povo-I-Arquivo-Secom-1-512x341.jpg 512w, https:\/\/sabuguinho.com.br\/site\/wp-content\/uploads\/2024\/04\/Restaurante-Municipal-Prato-do-Povo-I-Arquivo-Secom-1-768x512.jpg 768w, https:\/\/sabuguinho.com.br\/site\/wp-content\/uploads\/2024\/04\/Restaurante-Municipal-Prato-do-Povo-I-Arquivo-Secom-1-1536x1024.jpg 1536w, https:\/\/sabuguinho.com.br\/site\/wp-content\/uploads\/2024\/04\/Restaurante-Municipal-Prato-do-Povo-I-Arquivo-Secom-1-2048x1365.jpg 2048w, https:\/\/sabuguinho.com.br\/site\/wp-content\/uploads\/2024\/04\/Restaurante-Municipal-Prato-do-Povo-I-Arquivo-Secom-1-750x500.jpg 750w, https:\/\/sabuguinho.com.br\/site\/wp-content\/uploads\/2024\/04\/Restaurante-Municipal-Prato-do-Povo-I-Arquivo-Secom-1-1140x760.jpg 1140w\" sizes=\"auto, (max-width: 150px) 100vw, 150px\" \/><\/p>\n","protected":false},"excerpt":{"rendered":"<p>Integralmente custeado pela Prefeitura de Avar\u00e9, estabelecimento oferece alimenta\u00e7\u00e3o de qualidade por apenas R$ 1,99 \u00c0s v\u00e9speras de completar um ano, o Restaurante Municipal \u201cPrato do Povo\u201d contabiliza mais de 99 mil refei\u00e7\u00f5es servidas em Avar\u00e9. Integralmente custeado pela Prefeitura da Est\u00e2ncia Tur\u00edstica de Avar\u00e9, o \u201cPrato do Povo\u201d oferece alimenta\u00e7\u00e3o de qualidade por apenas [&hellip;]<\/p>\n","protected":false},"author":2,"featured_media":6024,"comment_status":"open","ping_status":"open","sticky":false,"template":"","format":"standard","meta":{"footnotes":""},"categories":[56],"tags":[],"class_list":["post-6020","post","type-post","status-publish","format-standard","has-post-thumbnail","hentry","category-social"],"_links":{"self":[{"href":"https:\/\/sabuguinho.com.br\/site\/wp-json\/wp\/v2\/posts\/6020","targetHints":{"allow":["GET"]}}],"collection":[{"href":"https:\/\/sabuguinho.com.br\/site\/wp-json\/wp\/v2\/posts"}],"about":[{"href":"https:\/\/sabuguinho.com.br\/site\/wp-json\/wp\/v2\/types\/post"}],"author":[{"embeddable":true,"href":"https:\/\/sabuguinho.com.br\/site\/wp-json\/wp\/v2\/users\/2"}],"replies":[{"embeddable":true,"href":"https:\/\/sabuguinho.com.br\/site\/wp-json\/wp\/v2\/comments?post=6020"}],"version-history":[{"count":1,"href":"https:\/\/sabuguinho.com.br\/site\/wp-json\/wp\/v2\/posts\/6020\/revisions"}],"predecessor-version":[{"id":6025,"href":"https:\/\/sabuguinho.com.br\/site\/wp-json\/wp\/v2\/posts\/6020\/revisions\/6025"}],"wp:featuredmedia":[{"embeddable":true,"href":"https:\/\/sabuguinho.com.br\/site\/wp-json\/wp\/v2\/media\/6024"}],"wp:attachment":[{"href":"https:\/\/sabuguinho.com.br\/site\/wp-json\/wp\/v2\/media?parent=6020"}],"wp:term":[{"taxonomy":"category","embeddable":true,"href":"https:\/\/sabuguinho.com.br\/site\/wp-json\/wp\/v2\/categories?post=6020"},{"taxonomy":"post_tag","embeddable":true,"href":"https:\/\/sabuguinho.com.br\/site\/wp-json\/wp\/v2\/tags?post=6020"}],"curies":[{"name":"wp","href":"https:\/\/api.w.org\/{rel}","templated":true}]}}