{"id":602,"date":"2023-11-10T12:11:58","date_gmt":"2023-11-10T15:11:58","guid":{"rendered":"https:\/\/sabuguinho.com.br\/site\/?p=602"},"modified":"2023-11-10T12:11:58","modified_gmt":"2023-11-10T15:11:58","slug":"capacitacao-dos-novos-conselheiros-tutelares-em-foco-preparacao-para-o-cuidado-e-protecao-das-criancas","status":"publish","type":"post","link":"https:\/\/sabuguinho.com.br\/site\/capacitacao-dos-novos-conselheiros-tutelares-em-foco-preparacao-para-o-cuidado-e-protecao-das-criancas\/","title":{"rendered":"Capacita\u00e7\u00e3o dos Novos Conselheiros Tutelares em Foco: Prepara\u00e7\u00e3o para o cuidado e prote\u00e7\u00e3o das crian\u00e7as"},"content":{"rendered":"<p>Encontro realizado em 31\/10, com o capacitador Lu\u00eds Ant\u00f4nio, visou fortalecer o conhecimento e a sensibilidade dos novos membros do Conselho Tutelar, eleitos para o per\u00edodo de 2024 a 2027, que assumem a responsabilidade de proteger os direitos das crian\u00e7as e adolescentes de forma eficaz<br \/>\nO compromisso com a defesa e prote\u00e7\u00e3o dos direitos das crian\u00e7as e dos adolescentes \u00e9 um dos principais pilares da sociedade. No dia 31 de outubro, o Centro de Refer\u00eancia em Assist\u00eancia Social (CRAS) reuniu os novos membros eleitos para o Conselho Tutelar de \u00c1guas de Santa B\u00e1rbara, com mandato at\u00e9 2027, participaram de uma importante capacita\u00e7\u00e3o com o especialista Lu\u00eds Ant\u00f4nio, com o intuito de fortalecer suas habilidades e conhecimentos para o desempenho eficiente de suas fun\u00e7\u00f5es.<br \/>\nOs representantes eleitos para o Conselho Tutelar, Mickaela Rodrigues Crepaldi (78 votos), Rosane Hosim Damy (61 votos), Karina Pinheiro de Almeida (52 votos), Edilene Andreia da Silva Pavan (52 votos) e Silmara de F\u00e1tima Petruli (40 votos), reuniram-se para adquirir conhecimentos essenciais e compartilhar experi\u00eancias, a fim de promover um ambiente mais seguro e protegido para as crian\u00e7as e adolescentes do munic\u00edpio.<br \/>\nA capacita\u00e7\u00e3o ministrada por Lu\u00eds Ant\u00f4nio visou fortalecer a sensibilidade dos conselheiros tutelares, preparando-os para enfrentar os desafios e dilemas que possam surgir no exerc\u00edcio de suas responsabilidades. O treinamento abrangeu uma variedade de t\u00f3picos essenciais, desde aspectos legais at\u00e9 abordagens pr\u00e1ticas para lidar com situa\u00e7\u00f5es delicadas e complexas que envolvem o bem-estar das crian\u00e7as e adolescentes.<br \/>\nCom o compromisso de construir uma sociedade mais justa e atenciosa em rela\u00e7\u00e3o \u00e0s futuras gera\u00e7\u00f5es, os membros do Conselho Tutelar est\u00e3o firmemente empenhados em desempenhar seus pap\u00e9is de maneira eficaz e dedicada, garantindo que os direitos das crian\u00e7as e adolescentes sejam respeitados e protegidos em todas as circunst\u00e2ncias. Essa capacita\u00e7\u00e3o representa um passo fundamental para o fortalecimento e aprimoramento cont\u00ednuo do importante trabalho desenvolvido pelo Conselho Tutelar em benef\u00edcio da comunidade.<\/p>\n<p><img loading=\"lazy\" decoding=\"async\" src=\"https:\/\/sabuguinho.com.br\/site\/wp-content\/uploads\/2023\/11\/Novos-conselheiros-passaram-por-capacitacao-150x84.jpg\" alt=\"\" width=\"150\" height=\"84\" class=\"alignnone size-medium wp-image-603\" srcset=\"https:\/\/sabuguinho.com.br\/site\/wp-content\/uploads\/2023\/11\/Novos-conselheiros-passaram-por-capacitacao-150x84.jpg 150w, https:\/\/sabuguinho.com.br\/site\/wp-content\/uploads\/2023\/11\/Novos-conselheiros-passaram-por-capacitacao-512x288.jpg 512w, https:\/\/sabuguinho.com.br\/site\/wp-content\/uploads\/2023\/11\/Novos-conselheiros-passaram-por-capacitacao-768x432.jpg 768w, https:\/\/sabuguinho.com.br\/site\/wp-content\/uploads\/2023\/11\/Novos-conselheiros-passaram-por-capacitacao-1536x864.jpg 1536w, https:\/\/sabuguinho.com.br\/site\/wp-content\/uploads\/2023\/11\/Novos-conselheiros-passaram-por-capacitacao-750x422.jpg 750w, https:\/\/sabuguinho.com.br\/site\/wp-content\/uploads\/2023\/11\/Novos-conselheiros-passaram-por-capacitacao-1140x641.jpg 1140w, https:\/\/sabuguinho.com.br\/site\/wp-content\/uploads\/2023\/11\/Novos-conselheiros-passaram-por-capacitacao.jpg 1600w\" sizes=\"(max-width: 150px) 100vw, 150px\" \/><\/p>\n","protected":false},"excerpt":{"rendered":"<p>Encontro realizado em 31\/10, com o capacitador Lu\u00eds Ant\u00f4nio, visou fortalecer o conhecimento e a sensibilidade dos novos membros do Conselho Tutelar, eleitos para o per\u00edodo de 2024 a 2027, que assumem a responsabilidade de proteger os direitos das crian\u00e7as e adolescentes de forma eficaz O compromisso com a defesa e prote\u00e7\u00e3o dos direitos das [&hellip;]<\/p>\n","protected":false},"author":2,"featured_media":604,"comment_status":"open","ping_status":"open","sticky":false,"template":"","format":"standard","meta":{"footnotes":""},"categories":[51],"tags":[],"_links":{"self":[{"href":"https:\/\/sabuguinho.com.br\/site\/wp-json\/wp\/v2\/posts\/602"}],"collection":[{"href":"https:\/\/sabuguinho.com.br\/site\/wp-json\/wp\/v2\/posts"}],"about":[{"href":"https:\/\/sabuguinho.com.br\/site\/wp-json\/wp\/v2\/types\/post"}],"author":[{"embeddable":true,"href":"https:\/\/sabuguinho.com.br\/site\/wp-json\/wp\/v2\/users\/2"}],"replies":[{"embeddable":true,"href":"https:\/\/sabuguinho.com.br\/site\/wp-json\/wp\/v2\/comments?post=602"}],"version-history":[{"count":1,"href":"https:\/\/sabuguinho.com.br\/site\/wp-json\/wp\/v2\/posts\/602\/revisions"}],"predecessor-version":[{"id":605,"href":"https:\/\/sabuguinho.com.br\/site\/wp-json\/wp\/v2\/posts\/602\/revisions\/605"}],"wp:featuredmedia":[{"embeddable":true,"href":"https:\/\/sabuguinho.com.br\/site\/wp-json\/wp\/v2\/media\/604"}],"wp:attachment":[{"href":"https:\/\/sabuguinho.com.br\/site\/wp-json\/wp\/v2\/media?parent=602"}],"wp:term":[{"taxonomy":"category","embeddable":true,"href":"https:\/\/sabuguinho.com.br\/site\/wp-json\/wp\/v2\/categories?post=602"},{"taxonomy":"post_tag","embeddable":true,"href":"https:\/\/sabuguinho.com.br\/site\/wp-json\/wp\/v2\/tags?post=602"}],"curies":[{"name":"wp","href":"https:\/\/api.w.org\/{rel}","templated":true}]}}