{"id":6015,"date":"2024-04-18T17:32:01","date_gmt":"2024-04-18T20:32:01","guid":{"rendered":"https:\/\/sabuguinho.com.br\/site\/?p=6015"},"modified":"2024-04-18T17:32:01","modified_gmt":"2024-04-18T20:32:01","slug":"deputada-federal-simone-marquetto-assume-a-coordenadoria-do-pro-vida-do-estado-de-sao-paulo","status":"publish","type":"post","link":"https:\/\/sabuguinho.com.br\/site\/deputada-federal-simone-marquetto-assume-a-coordenadoria-do-pro-vida-do-estado-de-sao-paulo\/","title":{"rendered":"Deputada federal Simone Marquetto assume a Coordenadoria do Pr\u00f3-Vida do Estado de S\u00e3o Paulo"},"content":{"rendered":"<p>Lan\u00e7ada oficialmente a Frente Parlamentar Mista contra o Aborto e em Defesa da Vida na C\u00e2mara dos Deputados. A deputada federal Simone Marquetto (MDB-SP) assumiu a Coordenadoria do Pr\u00f3-Vida do Estado de S\u00e3o Paulo pelas m\u00e3os da presidente da Frente, deputada federal Chris Tonietto (PL-RJ), nesta quinta-feira, dia 18.<br \/>\n\u201cN\u00e3o tem mais que argumentar a vida. Ela por si s\u00f3 \u00e9 um grande argumento. Estamos aqui. \u00c9 o dom da vida. Eu estou aqui por aqui eu quero o c\u00e9u. E para a gente ter o c\u00e9u, a gente tem que ter os valores. N\u00f3s temos que ter os mandamentos. N\u00f3s temos que cumprir a vontade de Deus\u201d, destacou a parlamentar Simone Marquetto.<br \/>\nA parlamentar ressaltou ainda que sempre lutou contra o aborto. \u201cDesde o ventre da minha m\u00e3e. Quando ela estava gr\u00e1vida e apresentou problemas nos rins, o m\u00e9dico queria que ela abortasse e minha m\u00e3e disse que iria em frente at\u00e9 o fim da gesta\u00e7\u00e3o e que n\u00e3o iria abortar. Gra\u00e7as a Deus, estamos juntas para contar essa hist\u00f3ria\u201d, disse a deputada Simone Marquetto.<br \/>\nA Frente Parlamentar Mista contra o Aborto e em Defesa da Vida \u00e9 composta por senadores e deputados federais. Cada coordenador representa o seu estado que foi eleito e deve trabalhar no estado pela Frente Parlamentar. Entre as a\u00e7\u00f5es, proteger a vida, incentivar projetos estaduais, realizar agendas tem\u00e1ticas, F\u00f3runs, articula\u00e7\u00f5es, fiscaliza\u00e7\u00f5es, incentivar capacita\u00e7\u00f5es, entre outros.<br \/>\nAs coordenadorias tem por finalidade a defesa do direito \u00e0 vida, desde o momento da concep\u00e7\u00e3o, bem como propor e discutir as pol\u00edticas p\u00fablicas.<\/p>\n","protected":false},"excerpt":{"rendered":"<p>Lan\u00e7ada oficialmente a Frente Parlamentar Mista contra o Aborto e em Defesa da Vida na C\u00e2mara dos Deputados. A deputada federal Simone Marquetto (MDB-SP) assumiu a Coordenadoria do Pr\u00f3-Vida do Estado de S\u00e3o Paulo pelas m\u00e3os da presidente da Frente, deputada federal Chris Tonietto (PL-RJ), nesta quinta-feira, dia 18. \u201cN\u00e3o tem mais que argumentar a [&hellip;]<\/p>\n","protected":false},"author":2,"featured_media":6016,"comment_status":"open","ping_status":"open","sticky":false,"template":"","format":"standard","meta":{"footnotes":""},"categories":[51],"tags":[],"class_list":["post-6015","post","type-post","status-publish","format-standard","has-post-thumbnail","hentry","category-noticias-regionais"],"_links":{"self":[{"href":"https:\/\/sabuguinho.com.br\/site\/wp-json\/wp\/v2\/posts\/6015","targetHints":{"allow":["GET"]}}],"collection":[{"href":"https:\/\/sabuguinho.com.br\/site\/wp-json\/wp\/v2\/posts"}],"about":[{"href":"https:\/\/sabuguinho.com.br\/site\/wp-json\/wp\/v2\/types\/post"}],"author":[{"embeddable":true,"href":"https:\/\/sabuguinho.com.br\/site\/wp-json\/wp\/v2\/users\/2"}],"replies":[{"embeddable":true,"href":"https:\/\/sabuguinho.com.br\/site\/wp-json\/wp\/v2\/comments?post=6015"}],"version-history":[{"count":1,"href":"https:\/\/sabuguinho.com.br\/site\/wp-json\/wp\/v2\/posts\/6015\/revisions"}],"predecessor-version":[{"id":6017,"href":"https:\/\/sabuguinho.com.br\/site\/wp-json\/wp\/v2\/posts\/6015\/revisions\/6017"}],"wp:featuredmedia":[{"embeddable":true,"href":"https:\/\/sabuguinho.com.br\/site\/wp-json\/wp\/v2\/media\/6016"}],"wp:attachment":[{"href":"https:\/\/sabuguinho.com.br\/site\/wp-json\/wp\/v2\/media?parent=6015"}],"wp:term":[{"taxonomy":"category","embeddable":true,"href":"https:\/\/sabuguinho.com.br\/site\/wp-json\/wp\/v2\/categories?post=6015"},{"taxonomy":"post_tag","embeddable":true,"href":"https:\/\/sabuguinho.com.br\/site\/wp-json\/wp\/v2\/tags?post=6015"}],"curies":[{"name":"wp","href":"https:\/\/api.w.org\/{rel}","templated":true}]}}