{"id":596,"date":"2023-11-10T11:53:35","date_gmt":"2023-11-10T14:53:35","guid":{"rendered":"https:\/\/sabuguinho.com.br\/site\/?p=596"},"modified":"2023-11-10T11:53:35","modified_gmt":"2023-11-10T14:53:35","slug":"assistencia-social-palestra-no-cci-discute-alimentacao-saudavel-entre-idosos","status":"publish","type":"post","link":"https:\/\/sabuguinho.com.br\/site\/assistencia-social-palestra-no-cci-discute-alimentacao-saudavel-entre-idosos\/","title":{"rendered":"ASSIST\u00caNCIA SOCIAL- Palestra no CCI discute alimenta\u00e7\u00e3o saud\u00e1vel entre idosos"},"content":{"rendered":"<p>Exposi\u00e7\u00e3o realizada na quarta-feira, 8, foi conduzida pela nutricionista Daniela Sanchez<\/p>\n<p>\u201cAlimenta\u00e7\u00e3o Saud\u00e1vel da Pessoa Idosa\u201d foi o tema da palestra ministrada pela nutricionista Daniela Sanchez a frequentadores do Centro de Conviv\u00eancia do Idoso (CCI) \u201cVereador Evaristo Garcia Pereira\u201d.<br \/>\nDurante a exposi\u00e7\u00e3o realizada na quarta-feira, 8 de novembro, a profissional da Secretaria Municipal de Assist\u00eancia e Desenvolvimento Social (SEMADS) ressaltou que dificuldades no processo de mastiga\u00e7\u00e3o e degluti\u00e7\u00e3o podem tornar a pessoa idosa mais suscet\u00edvel a complica\u00e7\u00f5es decorrentes do consumo de alimentos, o que refor\u00e7a a necessidade de cuidados di\u00e1rios para preparar refei\u00e7\u00f5es seguras.<br \/>\n\u201cPlanejar refei\u00e7\u00f5es e utilizar medidas corretas durante o preparo dos alimentos pode contribuir para a satisfa\u00e7\u00e3o com a alimenta\u00e7\u00e3o, evitando riscos de acidentes e danos \u00e0 sa\u00fade, ao mesmo tempo em que atende aos princ\u00edpios de uma alimenta\u00e7\u00e3o saud\u00e1vel\u201d, ressaltou a profissional.<\/p>\n<p>Saiba mais<\/p>\n<p>O CCI \u00e9 um espa\u00e7o de socializa\u00e7\u00e3o para idosos a partir de 60 anos onde s\u00e3o oferecidas atividades socioeducativas.<br \/>\nA iniciativa integra o Programa SP Amigo do Idoso, coordenado pela Secretaria de Desenvolvimento Social do Estado de S\u00e3o Paulo.<br \/>\nO CCI fica na Rua Ant\u00f4nio Bruno, n\u00ba 99. O hor\u00e1rio de funcionamento \u00e9 das 8 \u00e0s 17 horas, de segunda a sexta-feira. Outras informa\u00e7\u00f5es podem ser obtidas pelo telefone (14) 9 8155-5223<\/p>\n","protected":false},"excerpt":{"rendered":"<p>Exposi\u00e7\u00e3o realizada na quarta-feira, 8, foi conduzida pela nutricionista Daniela Sanchez \u201cAlimenta\u00e7\u00e3o Saud\u00e1vel da Pessoa Idosa\u201d foi o tema da palestra ministrada pela nutricionista Daniela Sanchez a frequentadores do Centro de Conviv\u00eancia do Idoso (CCI) \u201cVereador Evaristo Garcia Pereira\u201d. Durante a exposi\u00e7\u00e3o realizada na quarta-feira, 8 de novembro, a profissional da Secretaria Municipal de Assist\u00eancia [&hellip;]<\/p>\n","protected":false},"author":2,"featured_media":597,"comment_status":"open","ping_status":"open","sticky":false,"template":"","format":"standard","meta":{"footnotes":""},"categories":[58],"tags":[],"_links":{"self":[{"href":"https:\/\/sabuguinho.com.br\/site\/wp-json\/wp\/v2\/posts\/596"}],"collection":[{"href":"https:\/\/sabuguinho.com.br\/site\/wp-json\/wp\/v2\/posts"}],"about":[{"href":"https:\/\/sabuguinho.com.br\/site\/wp-json\/wp\/v2\/types\/post"}],"author":[{"embeddable":true,"href":"https:\/\/sabuguinho.com.br\/site\/wp-json\/wp\/v2\/users\/2"}],"replies":[{"embeddable":true,"href":"https:\/\/sabuguinho.com.br\/site\/wp-json\/wp\/v2\/comments?post=596"}],"version-history":[{"count":1,"href":"https:\/\/sabuguinho.com.br\/site\/wp-json\/wp\/v2\/posts\/596\/revisions"}],"predecessor-version":[{"id":598,"href":"https:\/\/sabuguinho.com.br\/site\/wp-json\/wp\/v2\/posts\/596\/revisions\/598"}],"wp:featuredmedia":[{"embeddable":true,"href":"https:\/\/sabuguinho.com.br\/site\/wp-json\/wp\/v2\/media\/597"}],"wp:attachment":[{"href":"https:\/\/sabuguinho.com.br\/site\/wp-json\/wp\/v2\/media?parent=596"}],"wp:term":[{"taxonomy":"category","embeddable":true,"href":"https:\/\/sabuguinho.com.br\/site\/wp-json\/wp\/v2\/categories?post=596"},{"taxonomy":"post_tag","embeddable":true,"href":"https:\/\/sabuguinho.com.br\/site\/wp-json\/wp\/v2\/tags?post=596"}],"curies":[{"name":"wp","href":"https:\/\/api.w.org\/{rel}","templated":true}]}}