{"id":5926,"date":"2024-04-16T11:09:46","date_gmt":"2024-04-16T14:09:46","guid":{"rendered":"https:\/\/sabuguinho.com.br\/site\/?p=5926"},"modified":"2024-04-16T11:09:46","modified_gmt":"2024-04-16T14:09:46","slug":"carla-flores-participa-de-encontro-regional-do-mdb-em-bauru","status":"publish","type":"post","link":"https:\/\/sabuguinho.com.br\/site\/carla-flores-participa-de-encontro-regional-do-mdb-em-bauru\/","title":{"rendered":"Carla Flores participa de encontro regional do MDB em Bauru"},"content":{"rendered":"<p>Da Assessoria<\/p>\n<p>A vereadora e presidente do Diret\u00f3rio Municipal do partido se firmou como pr\u00e9-candidata \u00e0 reelei\u00e7\u00e3o<br \/>\nO MDB realizou na manh\u00e3 de s\u00e1bado, 13, em Bauru, mais um Encontro Regional do partido visando as elei\u00e7\u00f5es municipais deste ano. A vereadora e presidente do Diret\u00f3rio Municipal do MDB avareense, Carla Flores, esteve no evento que contou ainda com a presen\u00e7a do presidente nacional do partido, deputado federal Baleia Rossi, do presidente estadual em exerc\u00edcio Rodrigo Arenas e tamb\u00e9m da deputada federal Simone Marquetto.<br \/>\nO encontro aconteceu no espa\u00e7o conhecido como Buffet Mantovani, para onde muitas caravanas se dirigiram formadas por prefeitos, vereadores, presidentes de diret\u00f3rio do MDB e simpatizantes. A prefeita de Bauru, Su\u00e9llen Rosim (PSD) tamb\u00e9m esteve no encontro.<br \/>\nPara a vereadora Carla Flores, \u201ca import\u00e2ncia do MDB vir \u00e0 base nos munic\u00edpios \u00e9 fortalecer o partido nas cidades, principalmente no que diz respeito a coaliz\u00f5es. Foi muito proveitosa a participa\u00e7\u00e3o do Diret\u00f3rio de Avar\u00e9 no encontro e tenho certeza que a partir de agora daremos mais voz \u00e0 milit\u00e2ncia emedebista em prol do crescimento de nossa cidade\u201d, ressaltou a vereadora.<br \/>\nNo encontro ocorrido em Bauru o p\u00fablico presente pode conhecer de perto o projeto do MDB chamado \u201cBora 15\u201d, que tem por objetivo levar conte\u00fado para os pr\u00e9-candidatos a prefeito, vice-prefeito e vereadores no estado de S\u00e3o Paulo. Trata-se de um pacote com um conte\u00fado atual de linguagem, de ferramentas, de proximidade e de estrat\u00e9gia de prepara\u00e7\u00e3o \u00e0 milit\u00e2ncia para poder falar de pol\u00edtica de acordo com os dias de hoje.<br \/>\n\u201cO MDB \u00e9 um partido municipalista, focado nas gest\u00f5es municipais, e respeitamos todas as ideologias seja de esquerda ou de direita, mas a gente se preocupa mais com os problemas dos munic\u00edpios que \u00e9 onde as pessoas moram, tanto \u00e9 verdade que o MDB \u00e9 o partido que mais tem prefeitos no Brasil\u201d, explicou o presidente estadual do partido em exerc\u00edcio, Rodrigo Arenas.<br \/>\nAo final do encontro, Carla Flores se firmou ainda mais como pr\u00e9-candidata \u00e0 reelei\u00e7\u00e3o para vereadora com total apoio das lideran\u00e7as nacional e estadual do MDB atrav\u00e9s do deputado federal Baleia Rossi e de Rodrigo Arenas, al\u00e9m da deputada federal Simone Marquetto.<\/p>\n<p><img loading=\"lazy\" decoding=\"async\" src=\"https:\/\/sabuguinho.com.br\/site\/wp-content\/uploads\/2024\/04\/IMG-20240416-WA0056-150x113.jpg\" alt=\"\" width=\"150\" height=\"113\" class=\"alignnone size-medium wp-image-5927\" srcset=\"https:\/\/sabuguinho.com.br\/site\/wp-content\/uploads\/2024\/04\/IMG-20240416-WA0056-150x113.jpg 150w, https:\/\/sabuguinho.com.br\/site\/wp-content\/uploads\/2024\/04\/IMG-20240416-WA0056-512x385.jpg 512w, https:\/\/sabuguinho.com.br\/site\/wp-content\/uploads\/2024\/04\/IMG-20240416-WA0056-768x578.jpg 768w, https:\/\/sabuguinho.com.br\/site\/wp-content\/uploads\/2024\/04\/IMG-20240416-WA0056-750x564.jpg 750w, https:\/\/sabuguinho.com.br\/site\/wp-content\/uploads\/2024\/04\/IMG-20240416-WA0056-1140x858.jpg 1140w, https:\/\/sabuguinho.com.br\/site\/wp-content\/uploads\/2024\/04\/IMG-20240416-WA0056.jpg 1280w\" sizes=\"auto, (max-width: 150px) 100vw, 150px\" \/><\/p>\n","protected":false},"excerpt":{"rendered":"<p>Da Assessoria A vereadora e presidente do Diret\u00f3rio Municipal do partido se firmou como pr\u00e9-candidata \u00e0 reelei\u00e7\u00e3o O MDB realizou na manh\u00e3 de s\u00e1bado, 13, em Bauru, mais um Encontro Regional do partido visando as elei\u00e7\u00f5es municipais deste ano. A vereadora e presidente do Diret\u00f3rio Municipal do MDB avareense, Carla Flores, esteve no evento que [&hellip;]<\/p>\n","protected":false},"author":2,"featured_media":5928,"comment_status":"open","ping_status":"open","sticky":false,"template":"","format":"standard","meta":{"footnotes":""},"categories":[1],"tags":[],"class_list":["post-5926","post","type-post","status-publish","format-standard","has-post-thumbnail","hentry","category-politicas-em-geral"],"_links":{"self":[{"href":"https:\/\/sabuguinho.com.br\/site\/wp-json\/wp\/v2\/posts\/5926","targetHints":{"allow":["GET"]}}],"collection":[{"href":"https:\/\/sabuguinho.com.br\/site\/wp-json\/wp\/v2\/posts"}],"about":[{"href":"https:\/\/sabuguinho.com.br\/site\/wp-json\/wp\/v2\/types\/post"}],"author":[{"embeddable":true,"href":"https:\/\/sabuguinho.com.br\/site\/wp-json\/wp\/v2\/users\/2"}],"replies":[{"embeddable":true,"href":"https:\/\/sabuguinho.com.br\/site\/wp-json\/wp\/v2\/comments?post=5926"}],"version-history":[{"count":1,"href":"https:\/\/sabuguinho.com.br\/site\/wp-json\/wp\/v2\/posts\/5926\/revisions"}],"predecessor-version":[{"id":5929,"href":"https:\/\/sabuguinho.com.br\/site\/wp-json\/wp\/v2\/posts\/5926\/revisions\/5929"}],"wp:featuredmedia":[{"embeddable":true,"href":"https:\/\/sabuguinho.com.br\/site\/wp-json\/wp\/v2\/media\/5928"}],"wp:attachment":[{"href":"https:\/\/sabuguinho.com.br\/site\/wp-json\/wp\/v2\/media?parent=5926"}],"wp:term":[{"taxonomy":"category","embeddable":true,"href":"https:\/\/sabuguinho.com.br\/site\/wp-json\/wp\/v2\/categories?post=5926"},{"taxonomy":"post_tag","embeddable":true,"href":"https:\/\/sabuguinho.com.br\/site\/wp-json\/wp\/v2\/tags?post=5926"}],"curies":[{"name":"wp","href":"https:\/\/api.w.org\/{rel}","templated":true}]}}