{"id":5873,"date":"2024-04-14T22:28:31","date_gmt":"2024-04-15T01:28:31","guid":{"rendered":"https:\/\/sabuguinho.com.br\/site\/?p=5873"},"modified":"2024-04-14T22:28:31","modified_gmt":"2024-04-15T01:28:31","slug":"carro-e-encontrado-destruido-pelo-fogo-em-avare","status":"publish","type":"post","link":"https:\/\/sabuguinho.com.br\/site\/carro-e-encontrado-destruido-pelo-fogo-em-avare\/","title":{"rendered":"CARRO \u00c9 ENCONTRADO DESTRU\u00cdDO PELO FOGO EM AVAR\u00c9"},"content":{"rendered":"<p>Um ve\u00edculo Gol foi encontrado totalmente destru\u00eddo pelo fogo na manh\u00e3 deste domingo, dia 14 de abril, em Avar\u00e9.<br \/>\nO carro estava parado em uma estrada de terra que d\u00e1 acesso a vicinal que Liga Avar\u00e9 a Itatinga, pr\u00f3ximo ao pontilh\u00e3o do Jardim Tropical<br \/>\nO ve\u00edculo foi totalmente consumido pelas chamas, e nem o propriet\u00e1rio nem o motorista foram localizados no local do incidente.<br \/>\nAs circunst\u00e2ncias do inc\u00eandio ainda s\u00e3o desconhecid<\/p>\n<p><img loading=\"lazy\" decoding=\"async\" src=\"https:\/\/sabuguinho.com.br\/site\/wp-content\/uploads\/2024\/04\/WhatsApp-Image-2024-04-14-at-11.08.01-150x99.jpeg\" alt=\"\" width=\"150\" height=\"99\" class=\"alignnone size-medium wp-image-5874\" srcset=\"https:\/\/sabuguinho.com.br\/site\/wp-content\/uploads\/2024\/04\/WhatsApp-Image-2024-04-14-at-11.08.01-150x99.jpeg 150w, https:\/\/sabuguinho.com.br\/site\/wp-content\/uploads\/2024\/04\/WhatsApp-Image-2024-04-14-at-11.08.01-512x338.jpeg 512w, https:\/\/sabuguinho.com.br\/site\/wp-content\/uploads\/2024\/04\/WhatsApp-Image-2024-04-14-at-11.08.01-768x507.jpeg 768w, https:\/\/sabuguinho.com.br\/site\/wp-content\/uploads\/2024\/04\/WhatsApp-Image-2024-04-14-at-11.08.01-750x495.jpeg 750w, https:\/\/sabuguinho.com.br\/site\/wp-content\/uploads\/2024\/04\/WhatsApp-Image-2024-04-14-at-11.08.01.jpeg 800w\" sizes=\"auto, (max-width: 150px) 100vw, 150px\" \/><\/p>\n","protected":false},"excerpt":{"rendered":"<p>Um ve\u00edculo Gol foi encontrado totalmente destru\u00eddo pelo fogo na manh\u00e3 deste domingo, dia 14 de abril, em Avar\u00e9. O carro estava parado em uma estrada de terra que d\u00e1 acesso a vicinal que Liga Avar\u00e9 a Itatinga, pr\u00f3ximo ao pontilh\u00e3o do Jardim Tropical O ve\u00edculo foi totalmente consumido pelas chamas, e nem o propriet\u00e1rio [&hellip;]<\/p>\n","protected":false},"author":2,"featured_media":5875,"comment_status":"open","ping_status":"open","sticky":false,"template":"","format":"standard","meta":{"footnotes":""},"categories":[52],"tags":[],"class_list":["post-5873","post","type-post","status-publish","format-standard","has-post-thumbnail","hentry","category-policiais"],"_links":{"self":[{"href":"https:\/\/sabuguinho.com.br\/site\/wp-json\/wp\/v2\/posts\/5873","targetHints":{"allow":["GET"]}}],"collection":[{"href":"https:\/\/sabuguinho.com.br\/site\/wp-json\/wp\/v2\/posts"}],"about":[{"href":"https:\/\/sabuguinho.com.br\/site\/wp-json\/wp\/v2\/types\/post"}],"author":[{"embeddable":true,"href":"https:\/\/sabuguinho.com.br\/site\/wp-json\/wp\/v2\/users\/2"}],"replies":[{"embeddable":true,"href":"https:\/\/sabuguinho.com.br\/site\/wp-json\/wp\/v2\/comments?post=5873"}],"version-history":[{"count":1,"href":"https:\/\/sabuguinho.com.br\/site\/wp-json\/wp\/v2\/posts\/5873\/revisions"}],"predecessor-version":[{"id":5876,"href":"https:\/\/sabuguinho.com.br\/site\/wp-json\/wp\/v2\/posts\/5873\/revisions\/5876"}],"wp:featuredmedia":[{"embeddable":true,"href":"https:\/\/sabuguinho.com.br\/site\/wp-json\/wp\/v2\/media\/5875"}],"wp:attachment":[{"href":"https:\/\/sabuguinho.com.br\/site\/wp-json\/wp\/v2\/media?parent=5873"}],"wp:term":[{"taxonomy":"category","embeddable":true,"href":"https:\/\/sabuguinho.com.br\/site\/wp-json\/wp\/v2\/categories?post=5873"},{"taxonomy":"post_tag","embeddable":true,"href":"https:\/\/sabuguinho.com.br\/site\/wp-json\/wp\/v2\/tags?post=5873"}],"curies":[{"name":"wp","href":"https:\/\/api.w.org\/{rel}","templated":true}]}}