{"id":5791,"date":"2024-04-12T11:09:36","date_gmt":"2024-04-12T14:09:36","guid":{"rendered":"https:\/\/sabuguinho.com.br\/site\/?p=5791"},"modified":"2024-04-12T11:09:36","modified_gmt":"2024-04-12T14:09:36","slug":"camara-de-avare-participa-de-encontro-com-secretario-estadual-da-educacao","status":"publish","type":"post","link":"https:\/\/sabuguinho.com.br\/site\/camara-de-avare-participa-de-encontro-com-secretario-estadual-da-educacao\/","title":{"rendered":"C\u00e2mara de Avar\u00e9 participa de encontro com Secret\u00e1rio Estadual da Educa\u00e7\u00e3o"},"content":{"rendered":"<p>Fonte: Da Assessoria do Legislativo<\/p>\n<p>Na oportunidade os parlamentares puderam conhecer as iniciativas do Governo do Estado pa exra a \u00e1rea<br \/>\nA C\u00e2mara de Vereadores de Avar\u00e9 esteve presente, nesta quinta-feira (11), na Reuni\u00e3o do Cons\u00f3rcio Intermunicipal Alto Vale do Paranapanema (Amvapa). A conven\u00e7\u00e3o contou com a presen\u00e7a do Secret\u00e1rio Estadual da Educa\u00e7\u00e3o, Renato Feder. O encontro contou ainda com a participa\u00e7\u00e3o de educadores, dirigentes de ensino, secret\u00e1rios municipais e Prefeitos das cidades pertencentes ao cons\u00f3rcio.<br \/>\nA reuni\u00e3o foi realizada na Faculdade Eduvale de Avar\u00e9. O secret\u00e1rio estadual apresentou as iniciativas do Governo do Estado na \u00e1rea e ouviu os apontamentos feitos pelos presentes.<br \/>\nOs representantes do Legislativo de Avar\u00e9 participaram do encontro a fim de acompanhar como o ensino vem sendo tratado pelas Secretaria Estadual e colaborar com poss\u00edveis projetos destinados \u00e0 cidade.<br \/>\nFeder exibiu o sistema de controle, online, utilizado pela Secretaria para monitorar as atividades realizadas pelas unidades educacionais. O Secret\u00e1rio tamb\u00e9m se colocou \u00e0 disposi\u00e7\u00e3o dos munic\u00edpios para enfrentar as demandas das escolas da regi\u00e3o.<br \/>\nNa visita a cidade de Avar\u00e9, Renato Feder ainda visitou a Escola Estadual Coronel Jo\u00e3o Cruz, onde teve um encontro com professores, servidores e alunos.<\/p>\n<p><img loading=\"lazy\" decoding=\"async\" src=\"https:\/\/sabuguinho.com.br\/site\/wp-content\/uploads\/2024\/04\/Screenshot_20240412-1106272-150x107.png\" alt=\"\" width=\"150\" height=\"107\" class=\"alignnone size-medium wp-image-5792\" srcset=\"https:\/\/sabuguinho.com.br\/site\/wp-content\/uploads\/2024\/04\/Screenshot_20240412-1106272-150x107.png 150w, https:\/\/sabuguinho.com.br\/site\/wp-content\/uploads\/2024\/04\/Screenshot_20240412-1106272-512x366.png 512w, https:\/\/sabuguinho.com.br\/site\/wp-content\/uploads\/2024\/04\/Screenshot_20240412-1106272-768x549.png 768w, https:\/\/sabuguinho.com.br\/site\/wp-content\/uploads\/2024\/04\/Screenshot_20240412-1106272-120x86.png 120w, https:\/\/sabuguinho.com.br\/site\/wp-content\/uploads\/2024\/04\/Screenshot_20240412-1106272-350x250.png 350w, https:\/\/sabuguinho.com.br\/site\/wp-content\/uploads\/2024\/04\/Screenshot_20240412-1106272-750x536.png 750w, https:\/\/sabuguinho.com.br\/site\/wp-content\/uploads\/2024\/04\/Screenshot_20240412-1106272.png 1080w\" sizes=\"auto, (max-width: 150px) 100vw, 150px\" \/><\/p>\n","protected":false},"excerpt":{"rendered":"<p>Fonte: Da Assessoria do Legislativo Na oportunidade os parlamentares puderam conhecer as iniciativas do Governo do Estado pa exra a \u00e1rea A C\u00e2mara de Vereadores de Avar\u00e9 esteve presente, nesta quinta-feira (11), na Reuni\u00e3o do Cons\u00f3rcio Intermunicipal Alto Vale do Paranapanema (Amvapa). A conven\u00e7\u00e3o contou com a presen\u00e7a do Secret\u00e1rio Estadual da Educa\u00e7\u00e3o, Renato Feder. [&hellip;]<\/p>\n","protected":false},"author":2,"featured_media":5793,"comment_status":"open","ping_status":"open","sticky":false,"template":"","format":"standard","meta":{"footnotes":""},"categories":[58],"tags":[],"class_list":["post-5791","post","type-post","status-publish","format-standard","has-post-thumbnail","hentry","category-noticias-locais"],"_links":{"self":[{"href":"https:\/\/sabuguinho.com.br\/site\/wp-json\/wp\/v2\/posts\/5791","targetHints":{"allow":["GET"]}}],"collection":[{"href":"https:\/\/sabuguinho.com.br\/site\/wp-json\/wp\/v2\/posts"}],"about":[{"href":"https:\/\/sabuguinho.com.br\/site\/wp-json\/wp\/v2\/types\/post"}],"author":[{"embeddable":true,"href":"https:\/\/sabuguinho.com.br\/site\/wp-json\/wp\/v2\/users\/2"}],"replies":[{"embeddable":true,"href":"https:\/\/sabuguinho.com.br\/site\/wp-json\/wp\/v2\/comments?post=5791"}],"version-history":[{"count":1,"href":"https:\/\/sabuguinho.com.br\/site\/wp-json\/wp\/v2\/posts\/5791\/revisions"}],"predecessor-version":[{"id":5794,"href":"https:\/\/sabuguinho.com.br\/site\/wp-json\/wp\/v2\/posts\/5791\/revisions\/5794"}],"wp:featuredmedia":[{"embeddable":true,"href":"https:\/\/sabuguinho.com.br\/site\/wp-json\/wp\/v2\/media\/5793"}],"wp:attachment":[{"href":"https:\/\/sabuguinho.com.br\/site\/wp-json\/wp\/v2\/media?parent=5791"}],"wp:term":[{"taxonomy":"category","embeddable":true,"href":"https:\/\/sabuguinho.com.br\/site\/wp-json\/wp\/v2\/categories?post=5791"},{"taxonomy":"post_tag","embeddable":true,"href":"https:\/\/sabuguinho.com.br\/site\/wp-json\/wp\/v2\/tags?post=5791"}],"curies":[{"name":"wp","href":"https:\/\/api.w.org\/{rel}","templated":true}]}}