{"id":574,"date":"2023-11-09T18:10:37","date_gmt":"2023-11-09T21:10:37","guid":{"rendered":"https:\/\/sabuguinho.com.br\/site\/?p=574"},"modified":"2023-11-09T18:10:37","modified_gmt":"2023-11-09T21:10:37","slug":"pratania-recebe-a-semana-cultural-tonico-tinoco","status":"publish","type":"post","link":"https:\/\/sabuguinho.com.br\/site\/pratania-recebe-a-semana-cultural-tonico-tinoco\/","title":{"rendered":"PRAT\u00c2NIA RECEBE A SEMANA CULTURAL \u201cTONICO &#038; TINOCO\u201d"},"content":{"rendered":"<p>A Prefeitura de Prat\u00e2nia realizar\u00e1, entre os dias 13 e 19 de novembro, a 10\u00aa edi\u00e7\u00e3o da Semana Cultural Tonico &#038; Tinoco.<br \/>\nO evento, que acontecer\u00e1 no Museu da M\u00fasica, ter\u00e1 no domingo, dia 19 de novembro, a apresenta\u00e7\u00e3o da Orquestra de Viola e Viol\u00e3o do Instituto de Bioci\u00eancias, da Unesp, de Botucatu, \u00e0s 14h.<br \/>\nO dia de homenagens \u00e0 \u201cDupla Cora\u00e7\u00e3o do Brasil\u201d contar\u00e1 ainda com o tradicional Caf\u00e9 Tonico &#038; Tinoco e a apresenta\u00e7\u00e3o do Coral da Melhor Idade, Concurso \u201cMoreninha Linda\u201d, Roda de Violeiros, com duplas e trios convidados e Exposi\u00e7\u00e3o Itinerante, com a presen\u00e7a de Zeka Perez, o filho do cantor Tinoco.<br \/>\nPrat\u00e2nia homenageia a dupla \u201cTonico &#038; Tinoco\u201d, atrav\u00e9s da Semana Cultural, institu\u00edda atrav\u00e9s da Lei n\u00ba 539 de 26 de setembro de 2013.<br \/>\nAs atividades culturais realizadas nesta \u00e9poca do ano t\u00eam por objetivo manter viva e conservada a mem\u00f3ria da \u201cDupla Cora\u00e7\u00e3o do Brasil\u201d; estimulando visitas ao Museu da M\u00fasica, realizando apresenta\u00e7\u00f5es musicais, entre outras a\u00e7\u00f5es de fomento \u00e0 cultura e tradi\u00e7\u00e3o local.<\/p>\n","protected":false},"excerpt":{"rendered":"<p>A Prefeitura de Prat\u00e2nia realizar\u00e1, entre os dias 13 e 19 de novembro, a 10\u00aa edi\u00e7\u00e3o da Semana Cultural Tonico &#038; Tinoco. O evento, que acontecer\u00e1 no Museu da M\u00fasica, ter\u00e1 no domingo, dia 19 de novembro, a apresenta\u00e7\u00e3o da Orquestra de Viola e Viol\u00e3o do Instituto de Bioci\u00eancias, da Unesp, de Botucatu, \u00e0s 14h. [&hellip;]<\/p>\n","protected":false},"author":2,"featured_media":575,"comment_status":"open","ping_status":"open","sticky":false,"template":"","format":"standard","meta":{"footnotes":""},"categories":[51],"tags":[],"_links":{"self":[{"href":"https:\/\/sabuguinho.com.br\/site\/wp-json\/wp\/v2\/posts\/574"}],"collection":[{"href":"https:\/\/sabuguinho.com.br\/site\/wp-json\/wp\/v2\/posts"}],"about":[{"href":"https:\/\/sabuguinho.com.br\/site\/wp-json\/wp\/v2\/types\/post"}],"author":[{"embeddable":true,"href":"https:\/\/sabuguinho.com.br\/site\/wp-json\/wp\/v2\/users\/2"}],"replies":[{"embeddable":true,"href":"https:\/\/sabuguinho.com.br\/site\/wp-json\/wp\/v2\/comments?post=574"}],"version-history":[{"count":1,"href":"https:\/\/sabuguinho.com.br\/site\/wp-json\/wp\/v2\/posts\/574\/revisions"}],"predecessor-version":[{"id":576,"href":"https:\/\/sabuguinho.com.br\/site\/wp-json\/wp\/v2\/posts\/574\/revisions\/576"}],"wp:featuredmedia":[{"embeddable":true,"href":"https:\/\/sabuguinho.com.br\/site\/wp-json\/wp\/v2\/media\/575"}],"wp:attachment":[{"href":"https:\/\/sabuguinho.com.br\/site\/wp-json\/wp\/v2\/media?parent=574"}],"wp:term":[{"taxonomy":"category","embeddable":true,"href":"https:\/\/sabuguinho.com.br\/site\/wp-json\/wp\/v2\/categories?post=574"},{"taxonomy":"post_tag","embeddable":true,"href":"https:\/\/sabuguinho.com.br\/site\/wp-json\/wp\/v2\/tags?post=574"}],"curies":[{"name":"wp","href":"https:\/\/api.w.org\/{rel}","templated":true}]}}