{"id":5733,"date":"2024-04-10T16:27:20","date_gmt":"2024-04-10T19:27:20","guid":{"rendered":"https:\/\/sabuguinho.com.br\/site\/?p=5733"},"modified":"2024-04-10T16:27:20","modified_gmt":"2024-04-10T19:27:20","slug":"cultura-avare-recebe-oficina-gratuita-de-stop-motion-na-sexta-feira-19","status":"publish","type":"post","link":"https:\/\/sabuguinho.com.br\/site\/cultura-avare-recebe-oficina-gratuita-de-stop-motion-na-sexta-feira-19\/","title":{"rendered":"CULTURA &#8211;  Avar\u00e9 recebe oficina gratuita de stop motion na sexta-feira, 19"},"content":{"rendered":"<p>Capacita\u00e7\u00e3o \u00e9 fruto de parceria entre Pontos MIS e Secretaria Municipal de Cultura<\/p>\n<p>A parceria entre Secretaria Municipal de Cultura e Pontos MIS traz para Avar\u00e9 mais uma capacita\u00e7\u00e3o gratuita.<br \/>\n\u00c9 a oficina \u201cO Mundo M\u00e1gico da Anima\u00e7\u00e3o Stop Motion\u201d que acontece na sexta-feira, 19, \u00e0s 13 horas, no Centro Cultural \u201cEsther Pires Novaes\u201d.<br \/>\nStop motion \u00e9 a t\u00e9cnica de produzir anima\u00e7\u00f5es por meio do uso de imagens organizadas em sequ\u00eancia.<br \/>\nA capacita\u00e7\u00e3o ser\u00e1 ministrada pela artista visual Marta Russo, que atua com forma\u00e7\u00e3o em audiovisual junto a diversos p\u00fablicos.<\/p>\n<p>Inscri\u00e7\u00e3o<\/p>\n<p>\u00c9 preciso ter a partir de 7 anos para participar da oficina \u201cO M\u00e1gico M\u00e1gico da Anima\u00e7\u00e3o Stop Motion\u201d. Interessados podem se inscrever pelo telefone (14) 3733-5420.<br \/>\nTamb\u00e9m \u00e9 poss\u00edvel fazer a inscri\u00e7\u00e3o presencialmente no Centro Cultural. O endere\u00e7o \u00e9 Rua Cear\u00e1, n\u00ba 1507, centro de Avar\u00e9.<\/p>\n","protected":false},"excerpt":{"rendered":"<p>Capacita\u00e7\u00e3o \u00e9 fruto de parceria entre Pontos MIS e Secretaria Municipal de Cultura A parceria entre Secretaria Municipal de Cultura e Pontos MIS traz para Avar\u00e9 mais uma capacita\u00e7\u00e3o gratuita. \u00c9 a oficina \u201cO Mundo M\u00e1gico da Anima\u00e7\u00e3o Stop Motion\u201d que acontece na sexta-feira, 19, \u00e0s 13 horas, no Centro Cultural \u201cEsther Pires Novaes\u201d. Stop [&hellip;]<\/p>\n","protected":false},"author":2,"featured_media":5734,"comment_status":"open","ping_status":"open","sticky":false,"template":"","format":"standard","meta":{"footnotes":""},"categories":[56],"tags":[],"class_list":["post-5733","post","type-post","status-publish","format-standard","has-post-thumbnail","hentry","category-social"],"_links":{"self":[{"href":"https:\/\/sabuguinho.com.br\/site\/wp-json\/wp\/v2\/posts\/5733","targetHints":{"allow":["GET"]}}],"collection":[{"href":"https:\/\/sabuguinho.com.br\/site\/wp-json\/wp\/v2\/posts"}],"about":[{"href":"https:\/\/sabuguinho.com.br\/site\/wp-json\/wp\/v2\/types\/post"}],"author":[{"embeddable":true,"href":"https:\/\/sabuguinho.com.br\/site\/wp-json\/wp\/v2\/users\/2"}],"replies":[{"embeddable":true,"href":"https:\/\/sabuguinho.com.br\/site\/wp-json\/wp\/v2\/comments?post=5733"}],"version-history":[{"count":1,"href":"https:\/\/sabuguinho.com.br\/site\/wp-json\/wp\/v2\/posts\/5733\/revisions"}],"predecessor-version":[{"id":5735,"href":"https:\/\/sabuguinho.com.br\/site\/wp-json\/wp\/v2\/posts\/5733\/revisions\/5735"}],"wp:featuredmedia":[{"embeddable":true,"href":"https:\/\/sabuguinho.com.br\/site\/wp-json\/wp\/v2\/media\/5734"}],"wp:attachment":[{"href":"https:\/\/sabuguinho.com.br\/site\/wp-json\/wp\/v2\/media?parent=5733"}],"wp:term":[{"taxonomy":"category","embeddable":true,"href":"https:\/\/sabuguinho.com.br\/site\/wp-json\/wp\/v2\/categories?post=5733"},{"taxonomy":"post_tag","embeddable":true,"href":"https:\/\/sabuguinho.com.br\/site\/wp-json\/wp\/v2\/tags?post=5733"}],"curies":[{"name":"wp","href":"https:\/\/api.w.org\/{rel}","templated":true}]}}