{"id":5713,"date":"2024-04-10T12:29:02","date_gmt":"2024-04-10T15:29:02","guid":{"rendered":"https:\/\/sabuguinho.com.br\/site\/?p=5713"},"modified":"2024-04-10T12:29:02","modified_gmt":"2024-04-10T15:29:02","slug":"ambulancia-da-prefeitura-de-marilia-capota-apos-motorista-sofrer-mal-subito-em-rodovia-do-interior-de-sp","status":"publish","type":"post","link":"https:\/\/sabuguinho.com.br\/site\/ambulancia-da-prefeitura-de-marilia-capota-apos-motorista-sofrer-mal-subito-em-rodovia-do-interior-de-sp\/","title":{"rendered":"Ambul\u00e2ncia da Prefeitura de Mar\u00edlia capota ap\u00f3s motorista sofrer mal s\u00fabito em rodovia do interior de SP"},"content":{"rendered":"<p>Uma ambul\u00e2ncia da Secretaria de Sa\u00fade de Mar\u00edlia (SP) capotou, no in\u00edcio da noite desta ter\u00e7a-feira (9), ap\u00f3s o motorista do ve\u00edculo um mal s\u00fabito. O caso foi registrado na Rodovia Comandante Jo\u00e3o Ribeiro de Barros (SP-294), em Osvaldo Cruz (SP).<br \/>\nSegundo a prefeitura, o motorista perdeu o controle do ve\u00edculo ap\u00f3s passar mal, na altura do quil\u00f4metro 573 da via. A \u00fanica passageira, ao notar a instabilidade do condutor, tentou assumir a dire\u00e7\u00e3o, mas a ambul\u00e2ncia foi para o acostamento e tombou<br \/>\nNenhum dos dois ocupantes ficou ferido gravemente, mas ambos foram levados ao Pronto-Socorro da Santa Casa de Osvaldo Cruz, onde receberam atendimento m\u00e9dico e ficaram em observa\u00e7\u00e3o. De acordo a Prefeitura de Mar\u00edlia, um ve\u00edculo foi enviado para buscar o motorista e a paciente.<\/p>\n<p>Legenda<br \/>\nCapotamento de Ambul\u00e2ncia de Mar\u00edlia foi registrado na Rodovia Comandante Jo\u00e3o Ribeiro de Barros (Foto: Cristiano Nascimento\/Jornal Cidade Aberta)<\/p>\n","protected":false},"excerpt":{"rendered":"<p>Uma ambul\u00e2ncia da Secretaria de Sa\u00fade de Mar\u00edlia (SP) capotou, no in\u00edcio da noite desta ter\u00e7a-feira (9), ap\u00f3s o motorista do ve\u00edculo um mal s\u00fabito. O caso foi registrado na Rodovia Comandante Jo\u00e3o Ribeiro de Barros (SP-294), em Osvaldo Cruz (SP). Segundo a prefeitura, o motorista perdeu o controle do ve\u00edculo ap\u00f3s passar mal, na [&hellip;]<\/p>\n","protected":false},"author":2,"featured_media":5714,"comment_status":"open","ping_status":"open","sticky":false,"template":"","format":"standard","meta":{"footnotes":""},"categories":[52],"tags":[],"class_list":["post-5713","post","type-post","status-publish","format-standard","has-post-thumbnail","hentry","category-policiais"],"_links":{"self":[{"href":"https:\/\/sabuguinho.com.br\/site\/wp-json\/wp\/v2\/posts\/5713","targetHints":{"allow":["GET"]}}],"collection":[{"href":"https:\/\/sabuguinho.com.br\/site\/wp-json\/wp\/v2\/posts"}],"about":[{"href":"https:\/\/sabuguinho.com.br\/site\/wp-json\/wp\/v2\/types\/post"}],"author":[{"embeddable":true,"href":"https:\/\/sabuguinho.com.br\/site\/wp-json\/wp\/v2\/users\/2"}],"replies":[{"embeddable":true,"href":"https:\/\/sabuguinho.com.br\/site\/wp-json\/wp\/v2\/comments?post=5713"}],"version-history":[{"count":1,"href":"https:\/\/sabuguinho.com.br\/site\/wp-json\/wp\/v2\/posts\/5713\/revisions"}],"predecessor-version":[{"id":5715,"href":"https:\/\/sabuguinho.com.br\/site\/wp-json\/wp\/v2\/posts\/5713\/revisions\/5715"}],"wp:featuredmedia":[{"embeddable":true,"href":"https:\/\/sabuguinho.com.br\/site\/wp-json\/wp\/v2\/media\/5714"}],"wp:attachment":[{"href":"https:\/\/sabuguinho.com.br\/site\/wp-json\/wp\/v2\/media?parent=5713"}],"wp:term":[{"taxonomy":"category","embeddable":true,"href":"https:\/\/sabuguinho.com.br\/site\/wp-json\/wp\/v2\/categories?post=5713"},{"taxonomy":"post_tag","embeddable":true,"href":"https:\/\/sabuguinho.com.br\/site\/wp-json\/wp\/v2\/tags?post=5713"}],"curies":[{"name":"wp","href":"https:\/\/api.w.org\/{rel}","templated":true}]}}