{"id":563,"date":"2023-11-09T12:18:53","date_gmt":"2023-11-09T15:18:53","guid":{"rendered":"https:\/\/sabuguinho.com.br\/site\/?p=563"},"modified":"2023-11-09T12:18:53","modified_gmt":"2023-11-09T15:18:53","slug":"atividade-delegada-e-realidade-em-aguas-de-santa-barbara","status":"publish","type":"post","link":"https:\/\/sabuguinho.com.br\/site\/atividade-delegada-e-realidade-em-aguas-de-santa-barbara\/","title":{"rendered":"Atividade Delegada&#8221; \u00e9 realidade em \u00c1guas de Santa B\u00e1rbara"},"content":{"rendered":"<p>A seguran\u00e7a da comunidade \u00e9 refor\u00e7ada diariamente por mais policiais, enquanto a prainha do Parque dos Lagos \u00e9 um dos locais que recebe a equipe do programa, especialmente devido ao aumento do movimento nesta \u00e9poca do ano<br \/>\nUm novo cap\u00edtulo na hist\u00f3ria da seguran\u00e7a comunit\u00e1ria de \u00c1guas de Santa B\u00e1rbara se inicia com a implementa\u00e7\u00e3o do programa &#8220;Atividade Delegada&#8221;. Todos os dias, policiais militares em seus hor\u00e1rios de folga fortalecem a seguran\u00e7a da comunidade, concentrando esfor\u00e7os para garantir a tranquilidade na prainha do Parque dos Lagos.<br \/>\nEste programa \u00e9 resultado de uma parceria entre a Administra\u00e7\u00e3o Municipal e o Governo de S\u00e3o Paulo, evidenciando o cont\u00ednuo compromisso em priorizar a seguran\u00e7a dos moradores. O prefeito Aroldo Caetano anunciou que o conv\u00eanio prev\u00ea a atua\u00e7\u00e3o dos policiais fardados e equipados com viaturas do estado, direcionados para locais estrategicamente definidos pelo Plano de Trabalho. &#8220;Essa abordagem estruturada visa a manuten\u00e7\u00e3o da tranquilidade e seguran\u00e7a, proporcionando uma sensa\u00e7\u00e3o de prote\u00e7\u00e3o refor\u00e7ada&#8221;, destaca.<br \/>\nO programa &#8220;Atividade Delegada&#8221; reflete o comprometimento da Administra\u00e7\u00e3o Municipal em garantir a tranquilidade e a ordem p\u00fablica em todo o munic\u00edpio. A Prefeitura \u00e9 respons\u00e1vel pelo pagamento dos vencimentos dos policiais militares que atuam em seus hor\u00e1rios de folga no programa.<\/p>\n<p><img loading=\"lazy\" decoding=\"async\" src=\"https:\/\/sabuguinho.com.br\/site\/wp-content\/uploads\/2023\/11\/Policiais-fazem-plantao-na-Prainha-do-Parque-dos-Lagos-150x113.jpg\" alt=\"\" width=\"150\" height=\"113\" class=\"alignnone size-medium wp-image-564\" srcset=\"https:\/\/sabuguinho.com.br\/site\/wp-content\/uploads\/2023\/11\/Policiais-fazem-plantao-na-Prainha-do-Parque-dos-Lagos-150x113.jpg 150w, https:\/\/sabuguinho.com.br\/site\/wp-content\/uploads\/2023\/11\/Policiais-fazem-plantao-na-Prainha-do-Parque-dos-Lagos-512x384.jpg 512w, https:\/\/sabuguinho.com.br\/site\/wp-content\/uploads\/2023\/11\/Policiais-fazem-plantao-na-Prainha-do-Parque-dos-Lagos-768x576.jpg 768w, https:\/\/sabuguinho.com.br\/site\/wp-content\/uploads\/2023\/11\/Policiais-fazem-plantao-na-Prainha-do-Parque-dos-Lagos-1536x1152.jpg 1536w, https:\/\/sabuguinho.com.br\/site\/wp-content\/uploads\/2023\/11\/Policiais-fazem-plantao-na-Prainha-do-Parque-dos-Lagos-750x563.jpg 750w, https:\/\/sabuguinho.com.br\/site\/wp-content\/uploads\/2023\/11\/Policiais-fazem-plantao-na-Prainha-do-Parque-dos-Lagos-1140x855.jpg 1140w, https:\/\/sabuguinho.com.br\/site\/wp-content\/uploads\/2023\/11\/Policiais-fazem-plantao-na-Prainha-do-Parque-dos-Lagos.jpg 1600w\" sizes=\"(max-width: 150px) 100vw, 150px\" \/><\/p>\n","protected":false},"excerpt":{"rendered":"<p>A seguran\u00e7a da comunidade \u00e9 refor\u00e7ada diariamente por mais policiais, enquanto a prainha do Parque dos Lagos \u00e9 um dos locais que recebe a equipe do programa, especialmente devido ao aumento do movimento nesta \u00e9poca do ano Um novo cap\u00edtulo na hist\u00f3ria da seguran\u00e7a comunit\u00e1ria de \u00c1guas de Santa B\u00e1rbara se inicia com a implementa\u00e7\u00e3o [&hellip;]<\/p>\n","protected":false},"author":2,"featured_media":565,"comment_status":"open","ping_status":"open","sticky":false,"template":"","format":"standard","meta":{"footnotes":""},"categories":[51],"tags":[],"_links":{"self":[{"href":"https:\/\/sabuguinho.com.br\/site\/wp-json\/wp\/v2\/posts\/563"}],"collection":[{"href":"https:\/\/sabuguinho.com.br\/site\/wp-json\/wp\/v2\/posts"}],"about":[{"href":"https:\/\/sabuguinho.com.br\/site\/wp-json\/wp\/v2\/types\/post"}],"author":[{"embeddable":true,"href":"https:\/\/sabuguinho.com.br\/site\/wp-json\/wp\/v2\/users\/2"}],"replies":[{"embeddable":true,"href":"https:\/\/sabuguinho.com.br\/site\/wp-json\/wp\/v2\/comments?post=563"}],"version-history":[{"count":1,"href":"https:\/\/sabuguinho.com.br\/site\/wp-json\/wp\/v2\/posts\/563\/revisions"}],"predecessor-version":[{"id":566,"href":"https:\/\/sabuguinho.com.br\/site\/wp-json\/wp\/v2\/posts\/563\/revisions\/566"}],"wp:featuredmedia":[{"embeddable":true,"href":"https:\/\/sabuguinho.com.br\/site\/wp-json\/wp\/v2\/media\/565"}],"wp:attachment":[{"href":"https:\/\/sabuguinho.com.br\/site\/wp-json\/wp\/v2\/media?parent=563"}],"wp:term":[{"taxonomy":"category","embeddable":true,"href":"https:\/\/sabuguinho.com.br\/site\/wp-json\/wp\/v2\/categories?post=563"},{"taxonomy":"post_tag","embeddable":true,"href":"https:\/\/sabuguinho.com.br\/site\/wp-json\/wp\/v2\/tags?post=563"}],"curies":[{"name":"wp","href":"https:\/\/api.w.org\/{rel}","templated":true}]}}