{"id":5603,"date":"2024-04-08T17:16:17","date_gmt":"2024-04-08T20:16:17","guid":{"rendered":"https:\/\/sabuguinho.com.br\/site\/?p=5603"},"modified":"2024-04-08T17:16:17","modified_gmt":"2024-04-08T20:16:17","slug":"reuniao-da-amvapa-tera-a-presenca-do-secretario-de-estado-da-educacao","status":"publish","type":"post","link":"https:\/\/sabuguinho.com.br\/site\/reuniao-da-amvapa-tera-a-presenca-do-secretario-de-estado-da-educacao\/","title":{"rendered":"REUNI\u00c3O DA AMVAPA TER\u00c1 A PRESEN\u00c7A DO SECRET\u00c1RIO DE ESTADO DA EDUCA\u00c7\u00c3O"},"content":{"rendered":"<p>O secret\u00e1rio de estado da Educa\u00e7\u00e3o de S\u00e3o Paulo, Renato Feder, estar\u00e1 presente na reuni\u00e3o do Cons\u00f3rcio Intermunicipal Alto Vale do Paranapanema (AMVAPA) marcada para acontecer na quinta-feira, 11 de abril, na Faculdade Eduvale de Avar\u00e9.<br \/>\nRenato Feder \u00e9 paulistano, Mestre em Economia pela Universidade de S\u00e3o Paulo (USP) e graduado em Administra\u00e7\u00e3o pela Funda\u00e7\u00e3o Get\u00falio Vargas (FGV). Ele j\u00e1 atuou na Seduc-SP entre 2017 e 2018, quando foi assessor especial da pasta.<br \/>\nNos \u00faltimos quatro anos, Renato foi secret\u00e1rio da Educa\u00e7\u00e3o do Paran\u00e1. Em sua gest\u00e3o, o estado conquistou o primeiro lugar no \u00cdndice de Desenvolvimento da Educa\u00e7\u00e3o B\u00e1sica (Ideb) 2021 do ensino m\u00e9dio e deu o maior salto entre todos os estados brasileiros logo no primeiro ano de sua gest\u00e3o, em 2019. Durante a pandemia, ele criou um complexo sistema de ensino a dist\u00e2ncia, implementado em tempo recorde, e reconhecido como uma das melhores respostas educacionais \u00e0 interrup\u00e7\u00e3o das aulas presenciais.<br \/>\nA reuni\u00e3o da AMVAPA est\u00e1 marcada para ocorrer das 10h \u00e0s 12h na Faculdade Eduvale, localizada na Avenida Prefeito Misael Euphr\u00e1sio Leal, 347, no Jardim Am\u00e9rica, em Avar\u00e9-SP.<\/p>\n<p>legenda: Renato Feder estar\u00e1 em Avar\u00e9 na quinta-feira, 11, na Faculdade Eduvale<\/p>\n<p>FONTE DA FOTO: INTERNET ILUSTRATIVA<\/p>\n","protected":false},"excerpt":{"rendered":"<p>O secret\u00e1rio de estado da Educa\u00e7\u00e3o de S\u00e3o Paulo, Renato Feder, estar\u00e1 presente na reuni\u00e3o do Cons\u00f3rcio Intermunicipal Alto Vale do Paranapanema (AMVAPA) marcada para acontecer na quinta-feira, 11 de abril, na Faculdade Eduvale de Avar\u00e9. Renato Feder \u00e9 paulistano, Mestre em Economia pela Universidade de S\u00e3o Paulo (USP) e graduado em Administra\u00e7\u00e3o pela Funda\u00e7\u00e3o [&hellip;]<\/p>\n","protected":false},"author":2,"featured_media":5604,"comment_status":"open","ping_status":"open","sticky":false,"template":"","format":"standard","meta":{"footnotes":""},"categories":[58],"tags":[],"class_list":["post-5603","post","type-post","status-publish","format-standard","has-post-thumbnail","hentry","category-noticias-locais"],"_links":{"self":[{"href":"https:\/\/sabuguinho.com.br\/site\/wp-json\/wp\/v2\/posts\/5603","targetHints":{"allow":["GET"]}}],"collection":[{"href":"https:\/\/sabuguinho.com.br\/site\/wp-json\/wp\/v2\/posts"}],"about":[{"href":"https:\/\/sabuguinho.com.br\/site\/wp-json\/wp\/v2\/types\/post"}],"author":[{"embeddable":true,"href":"https:\/\/sabuguinho.com.br\/site\/wp-json\/wp\/v2\/users\/2"}],"replies":[{"embeddable":true,"href":"https:\/\/sabuguinho.com.br\/site\/wp-json\/wp\/v2\/comments?post=5603"}],"version-history":[{"count":2,"href":"https:\/\/sabuguinho.com.br\/site\/wp-json\/wp\/v2\/posts\/5603\/revisions"}],"predecessor-version":[{"id":5606,"href":"https:\/\/sabuguinho.com.br\/site\/wp-json\/wp\/v2\/posts\/5603\/revisions\/5606"}],"wp:featuredmedia":[{"embeddable":true,"href":"https:\/\/sabuguinho.com.br\/site\/wp-json\/wp\/v2\/media\/5604"}],"wp:attachment":[{"href":"https:\/\/sabuguinho.com.br\/site\/wp-json\/wp\/v2\/media?parent=5603"}],"wp:term":[{"taxonomy":"category","embeddable":true,"href":"https:\/\/sabuguinho.com.br\/site\/wp-json\/wp\/v2\/categories?post=5603"},{"taxonomy":"post_tag","embeddable":true,"href":"https:\/\/sabuguinho.com.br\/site\/wp-json\/wp\/v2\/tags?post=5603"}],"curies":[{"name":"wp","href":"https:\/\/api.w.org\/{rel}","templated":true}]}}