{"id":5297,"date":"2024-03-30T01:06:28","date_gmt":"2024-03-30T04:06:28","guid":{"rendered":"https:\/\/sabuguinho.com.br\/site\/?p=5297"},"modified":"2024-03-30T01:06:28","modified_gmt":"2024-03-30T04:06:28","slug":"moraes-nega-pedido-de-devolucao-de-passaporte-para-bolsonaro","status":"publish","type":"post","link":"https:\/\/sabuguinho.com.br\/site\/moraes-nega-pedido-de-devolucao-de-passaporte-para-bolsonaro\/","title":{"rendered":"Moraes nega pedido de devolu\u00e7\u00e3o de passaporte para Bolsonaro"},"content":{"rendered":"<p>Ex-presidente pediu documento para viagem a Israel<\/p>\n<p>O ministro do Supremo Tribunal Federal (STF) Alexandre de Moraes indeferiu nessa quinta-feira (28) o pedido do ex-presidente Jair Bolsonaro para a devolu\u00e7\u00e3o de seu passaporte. Moraes se baseou em manifesta\u00e7\u00e3o do procurador-geral da Rep\u00fablica, Paulo Gonet, quevai no mesmo sentido.<br \/>\nDe acordo com Gonet, &#8220;n\u00e3o se tem not\u00edcia de evento que torne super\u00e1vel a decis\u00e3o que determinou a reten\u00e7\u00e3o do passaporte do requerente. A medida em quest\u00e3o se prende justamente a prevenir que o sujeito \u00e0 provid\u00eancia saia do pa\u00eds, ante o perigo para o desenvolvimento das investiga\u00e7\u00f5es criminais e eventual aplica\u00e7\u00e3o da lei penal. Os pressupostos da medida continuam justificados no caso.&#8221;<br \/>\nEm sua decis\u00e3o, divulgada nesta sexta-feira (29), Moraes acrescenta, ainda, que &#8220;as dilig\u00eancias est\u00e3o em curso, raz\u00e3o pela qual \u00e9 absolutamente prematuro remover a restri\u00e7\u00e3o imposta ao investigado, conforme, anteriormente, por mim decidido em situa\u00e7\u00f5es absolutamente an\u00e1logas&#8221;.<br \/>\nO passaporte de Bolsonaro foi apreendido por determina\u00e7\u00e3o de Moraes no \u00e2mbito da opera\u00e7\u00e3o Tempus Veritatis, que apura a exist\u00eancia de uma trama golpista no alto escal\u00e3o do governo do ex-presidente.<br \/>\nNa \u00faltima semana, Bolsonaro pediu a devolu\u00e7\u00e3o do passaporte para viajar a Israel entre os dias 12 e 18 de maio. Ele afirma que recebeu convite oficial do primeiro-ministro, Benjamin Netanyahu, para visitar o pa\u00eds, em companhia de sua fam\u00edlia. <\/p>\n<p>Visita a embaixada<\/p>\n<p>Na segunda-feira (25), o jornal The New York Times publicou que o ex-presidente permaneceu entre os dias 12 e 14 de fevereiro deste ano hospedado na Embaixada da Hungria, em Bras\u00edlia, poucos dias ap\u00f3s ter tido o passaporte apreendido.<br \/>\nPelas regras internacionais, a \u00e1rea da embaixada \u00e9 inviol\u00e1vel pelas autoridades brasileiras. Dessa forma, Bolsonaro estaria imune ao eventual cumprimento de um mandado de pris\u00e3o.<br \/>\nBolsonaro \u00e9 aliado do primeiro-ministro da Hungria, Viktor Orb\u00e1n, que esteve na posse do ex-presidente em 2018. Em 2022, Bolsonaro visitou Budapeste, capital h\u00fangara, e foi recebido por Orb\u00e1n. Al\u00e9m disso, ambos trocam constantes elogios p\u00fablicos. <\/p>\n<p>Edi\u00e7\u00e3o: Juliana C\u00e9zar Nunes<\/p>\n","protected":false},"excerpt":{"rendered":"<p>Ex-presidente pediu documento para viagem a Israel O ministro do Supremo Tribunal Federal (STF) Alexandre de Moraes indeferiu nessa quinta-feira (28) o pedido do ex-presidente Jair Bolsonaro para a devolu\u00e7\u00e3o de seu passaporte. Moraes se baseou em manifesta\u00e7\u00e3o do procurador-geral da Rep\u00fablica, Paulo Gonet, quevai no mesmo sentido. De acordo com Gonet, &#8220;n\u00e3o se tem [&hellip;]<\/p>\n","protected":false},"author":2,"featured_media":5298,"comment_status":"open","ping_status":"open","sticky":false,"template":"","format":"standard","meta":{"footnotes":""},"categories":[1],"tags":[],"class_list":["post-5297","post","type-post","status-publish","format-standard","has-post-thumbnail","hentry","category-politicas-em-geral"],"_links":{"self":[{"href":"https:\/\/sabuguinho.com.br\/site\/wp-json\/wp\/v2\/posts\/5297","targetHints":{"allow":["GET"]}}],"collection":[{"href":"https:\/\/sabuguinho.com.br\/site\/wp-json\/wp\/v2\/posts"}],"about":[{"href":"https:\/\/sabuguinho.com.br\/site\/wp-json\/wp\/v2\/types\/post"}],"author":[{"embeddable":true,"href":"https:\/\/sabuguinho.com.br\/site\/wp-json\/wp\/v2\/users\/2"}],"replies":[{"embeddable":true,"href":"https:\/\/sabuguinho.com.br\/site\/wp-json\/wp\/v2\/comments?post=5297"}],"version-history":[{"count":1,"href":"https:\/\/sabuguinho.com.br\/site\/wp-json\/wp\/v2\/posts\/5297\/revisions"}],"predecessor-version":[{"id":5299,"href":"https:\/\/sabuguinho.com.br\/site\/wp-json\/wp\/v2\/posts\/5297\/revisions\/5299"}],"wp:featuredmedia":[{"embeddable":true,"href":"https:\/\/sabuguinho.com.br\/site\/wp-json\/wp\/v2\/media\/5298"}],"wp:attachment":[{"href":"https:\/\/sabuguinho.com.br\/site\/wp-json\/wp\/v2\/media?parent=5297"}],"wp:term":[{"taxonomy":"category","embeddable":true,"href":"https:\/\/sabuguinho.com.br\/site\/wp-json\/wp\/v2\/categories?post=5297"},{"taxonomy":"post_tag","embeddable":true,"href":"https:\/\/sabuguinho.com.br\/site\/wp-json\/wp\/v2\/tags?post=5297"}],"curies":[{"name":"wp","href":"https:\/\/api.w.org\/{rel}","templated":true}]}}