{"id":527,"date":"2023-11-07T19:52:50","date_gmt":"2023-11-07T22:52:50","guid":{"rendered":"https:\/\/sabuguinho.com.br\/site\/?p=527"},"modified":"2023-11-07T19:52:50","modified_gmt":"2023-11-07T22:52:50","slug":"aumenta-o-numero-de-pessoas-com-deficiencia-no-mercado-de-trabalho","status":"publish","type":"post","link":"https:\/\/sabuguinho.com.br\/site\/aumenta-o-numero-de-pessoas-com-deficiencia-no-mercado-de-trabalho\/","title":{"rendered":"Aumenta o n\u00famero de pessoas com defici\u00eancia no mercado de trabalho"},"content":{"rendered":"<p>Para o Enxergando o Futuro, que ensina Braille a dist\u00e2ncia e de gra\u00e7a, panorama pode melhorar com mais forma\u00e7\u00e3o e qualifica\u00e7\u00e3o<\/p>\n<p>Uma boa not\u00edcia: entre 2011 e 2021, aumentou em 60,7% o n\u00famero de pessoas com defici\u00eancia trabalhando formalmente no Brasil.  Mas apesar do crescimento, a propor\u00e7\u00e3o de pessoas com defici\u00eancia no mercado de trabalho continua pequena. Passou de 0,71%, em 2011, para 1,08%, em 2021. Proporcionalmente, a eleva\u00e7\u00e3o foi maior entre as pessoas com defici\u00eancia visual, conforme nota t\u00e9cnica do Dieese (Departamento Intersindical de Estat\u00edstica e Estudos Socioecon\u00f4micos), divulgada recentemente. Para Daniela Reis Frontera, fundadora do projeto Enxergando o Futuro, que ensina Braille a dist\u00e2ncia e de gra\u00e7a, o panorama pode melhorar com mais forma\u00e7\u00e3o e qualifica\u00e7\u00e3o de quem tem defici\u00eancia visual.<br \/>\nNeste processo, o Braille tem grande import\u00e2ncia, ressalta Daniela. \u201cEu costumo dizer aos meus alunos e nas palestras que ministro que h\u00e1 tr\u00eas pilares para n\u00f3s, pessoas com defici\u00eancia visual, ganharmos autonomia, vivermos melhor e conquistarmos nosso lugar no mercado de trabalho. O primeiro \u00e9 aprender a ler e a escrever em Braille, o que permite continuar os estudos e obter diploma. O segundo \u00e9 aprender a usar a tecnologia assistiva, que agrupa dispositivos e t\u00e9cnicas como leitores de tela e programas de computador que convertem o texto em \u00e1udio. O terceiro \u00e9 a Orienta\u00e7\u00e3o e a Mobilidade, tamb\u00e9m conhecida pela sigla OM. A orienta\u00e7\u00e3o \u00e9 a capacidade de perceber o ambiente, saber onde estamos. A mobilidade \u00e9 a capacidade de nos movimentar\u201d, enumera.<br \/>\nA pessoa com defici\u00eancia visual que coloca em pr\u00e1tica esses tr\u00eas pilares tem possibilidade muito maior de melhorar sua qualidade de vida e de se inserir<br \/>\nno mercado de trabalho. \u201cCabe a n\u00f3s, pessoas com defici\u00eancia, aceitarmos a nossa condi\u00e7\u00e3o, nos adaptarmos \u00e0 nossa realidade e nos capacitarmos. Se n\u00e3o estivermos capacitados, n\u00e3o conseguiremos usufruir das cotas de emprego que as empresas s\u00e3o, por lei, obrigadas a destinar a pessoas com defici\u00eancia\u201d, ressalta a fundadora do Enxergando o Futuro.<br \/>\nPela \u201cLei de Cotas\u201d, empresa com 100 ou mais empregados est\u00e1 obrigada a preencher de 2% a 5% dos seus cargos com pessoas com defici\u00eancia. \u201cPortanto, h\u00e1 vagas. A defici\u00eancia n\u00e3o pode ser encarada como um empecilho na trajet\u00f3ria pessoal e profissional e na realiza\u00e7\u00e3o de sonhos. N\u00e3o podemos encarar a defici\u00eancia como advers\u00e1ria. Temos de aceitar, enfrentar, nos adaptarmos e nos reabilitarmos. No Enxergando o Futuro, eu procuro mostrar isso aos nossos alunos. Mostrar meu exemplo de vida: tenho somente 10% de vis\u00e3o e sou empres\u00e1ria. Criei o projeto Enxergando o Futuro. Me tornei palestrante e coach com foco em desenvolvimento de performance para equipes e sou paratleta\u201d, lista Daniela.<br \/>\nInscri\u00e7\u00f5es abertas<br \/>\nO projeto Enxergando o Futuro est\u00e1 com inscri\u00e7\u00f5es abertas para a nova turma. As aulas s\u00e3o gratuitas e realizadas por meio de uma plataforma online. \u201cO Braille \u00e9 a cartilha das pessoas com defici\u00eancia visual, principalmente, das crian\u00e7as que nascem cegas, que, ao se alfabetizarem pelo m\u00e9todo, conhecem o mundo por meio desses pontinhos. Com o Braille, conquistamos a autonomia necess\u00e1ria para a nossa qualidade de vida\u201d, afirma Daniela. Para se inscrever, o interessado deve entrar em contato pelo WhatsApp (14) 99740-8217.<\/p>\n<p>Sobre o projeto<\/p>\n<p>O projeto social Enxergando o Futuro foi criado pela empres\u00e1ria Daniela Reis Frontera que, aos 23 anos, foi diagnosticada com retinose pigmentar. Com dificuldade em encontrar um profissional ou uma institui\u00e7\u00e3o para aprender Braille, ela criou o projeto para levar a alfabetiza\u00e7\u00e3o ao alcance de todas as pessoas com defici\u00eancia visual ou baixa vis\u00e3o. Atualmente, Daniela tem 10% da vis\u00e3o.<br \/>\nAs aulas do projeto come\u00e7aram em novembro de 2019, na cidade de Duartina (SP), com 10 alunos. Devido \u00e0 pandemia e ao isolamento social para conter o novo coronav\u00edrus, o ensino migrou para uma plataforma on-<br \/>\nline, o que gerou muita procura. Atualmente, tem alunos espalhados por todo Brasil e tamb\u00e9m no exterior.<br \/>\nPara saber mais sobre o projeto visite:<\/p>\n<blockquote class=\"wp-embedded-content\" data-secret=\"Wg4zrONTFq\"><p><a href=\"https:\/\/enxergandoofuturo.com.br\/\">Home<\/a><\/p><\/blockquote>\n<p><iframe class=\"wp-embedded-content\" sandbox=\"allow-scripts\" security=\"restricted\" style=\"position: absolute; clip: rect(1px, 1px, 1px, 1px);\" title=\"&#8220;Home&#8221; &#8212; Portal Enxergando o Futuro\" src=\"https:\/\/enxergandoofuturo.com.br\/embed\/#?secret=q5FNyG6XrN#?secret=Wg4zrONTFq\" data-secret=\"Wg4zrONTFq\" width=\"500\" height=\"282\" frameborder=\"0\" marginwidth=\"0\" marginheight=\"0\" scrolling=\"no\"><\/iframe><br \/>\nhttps:\/\/www.youtube.com\/enxergandoofuturo<br \/>\nhttps:\/\/www.linkedin.com\/company\/enxergando-o-futuro\/<br \/>\nhttps:\/\/www.instagram.com\/enxergandoofuturo\/<br \/>\nhttps:\/\/www.facebook.com\/projetoenxergandoofuturo<\/p>\n","protected":false},"excerpt":{"rendered":"<p>Para o Enxergando o Futuro, que ensina Braille a dist\u00e2ncia e de gra\u00e7a, panorama pode melhorar com mais forma\u00e7\u00e3o e qualifica\u00e7\u00e3o Uma boa not\u00edcia: entre 2011 e 2021, aumentou em 60,7% o n\u00famero de pessoas com defici\u00eancia trabalhando formalmente no Brasil. Mas apesar do crescimento, a propor\u00e7\u00e3o de pessoas com defici\u00eancia no mercado de trabalho [&hellip;]<\/p>\n","protected":false},"author":2,"featured_media":530,"comment_status":"open","ping_status":"open","sticky":false,"template":"","format":"standard","meta":{"footnotes":""},"categories":[60],"tags":[],"_links":{"self":[{"href":"https:\/\/sabuguinho.com.br\/site\/wp-json\/wp\/v2\/posts\/527"}],"collection":[{"href":"https:\/\/sabuguinho.com.br\/site\/wp-json\/wp\/v2\/posts"}],"about":[{"href":"https:\/\/sabuguinho.com.br\/site\/wp-json\/wp\/v2\/types\/post"}],"author":[{"embeddable":true,"href":"https:\/\/sabuguinho.com.br\/site\/wp-json\/wp\/v2\/users\/2"}],"replies":[{"embeddable":true,"href":"https:\/\/sabuguinho.com.br\/site\/wp-json\/wp\/v2\/comments?post=527"}],"version-history":[{"count":1,"href":"https:\/\/sabuguinho.com.br\/site\/wp-json\/wp\/v2\/posts\/527\/revisions"}],"predecessor-version":[{"id":531,"href":"https:\/\/sabuguinho.com.br\/site\/wp-json\/wp\/v2\/posts\/527\/revisions\/531"}],"wp:featuredmedia":[{"embeddable":true,"href":"https:\/\/sabuguinho.com.br\/site\/wp-json\/wp\/v2\/media\/530"}],"wp:attachment":[{"href":"https:\/\/sabuguinho.com.br\/site\/wp-json\/wp\/v2\/media?parent=527"}],"wp:term":[{"taxonomy":"category","embeddable":true,"href":"https:\/\/sabuguinho.com.br\/site\/wp-json\/wp\/v2\/categories?post=527"},{"taxonomy":"post_tag","embeddable":true,"href":"https:\/\/sabuguinho.com.br\/site\/wp-json\/wp\/v2\/tags?post=527"}],"curies":[{"name":"wp","href":"https:\/\/api.w.org\/{rel}","templated":true}]}}