{"id":5205,"date":"2024-03-27T11:26:08","date_gmt":"2024-03-27T14:26:08","guid":{"rendered":"https:\/\/sabuguinho.com.br\/site\/?p=5205"},"modified":"2024-03-27T11:26:08","modified_gmt":"2024-03-27T14:26:08","slug":"itai-se-prepara-para-a-tradicional-encenacao-da-paixao-de-cristo","status":"publish","type":"post","link":"https:\/\/sabuguinho.com.br\/site\/itai-se-prepara-para-a-tradicional-encenacao-da-paixao-de-cristo\/","title":{"rendered":"ITA\u00cd SE PREPARA PARA A TRADICIONAL ENCENA\u00c7\u00c3O DA PAIX\u00c3O DE CRISTO"},"content":{"rendered":"<p>Na pr\u00f3xima sexta-feira, dia 29 de mar\u00e7o, \u00e0s 19 horas, o Est\u00e1dio Municipal \u201cAbsay de Almeida\u201d em Ita\u00ed ser\u00e1 palco da tradicional encena\u00e7\u00e3o da Paix\u00e3o de Cristo. Um evento grandioso que re\u00fane talentosos artistas locais e que h\u00e1 anos emociona a comunidade durante a Semana Santa.<br \/>\nA sexta-feira Santa, tamb\u00e9m conhecida como sexta-feira da Paix\u00e3o, \u00e9 um momento de profunda reflex\u00e3o para os crist\u00e3os, que relembram o julgamento, a paix\u00e3o, a crucifica\u00e7\u00e3o e a morte de Jesus Cristo<br \/>\nA encena\u00e7\u00e3o da Paix\u00e3o de Cristo em Ita\u00ed oferece uma oportunidade \u00fanica para reviver essa hist\u00f3ria de f\u00e9 e esperan\u00e7a, com atua\u00e7\u00f5es marcantes e cen\u00e1rios cuidadosamente preparados.<br \/>\nDesde a Santa Ceia, trai\u00e7\u00e3o de Judas, julgamento e condena\u00e7\u00e3o, at\u00e9 a dolorosa crucifica\u00e7\u00e3o, morte e ressurrei\u00e7\u00e3o de Jesus Cristo, cada cena da encena\u00e7\u00e3o \u00e9 representada com maestria pelos artistas itaienses. A dedica\u00e7\u00e3o e a emo\u00e7\u00e3o transbordam em cada gesto, levando o p\u00fablico a uma profunda reflex\u00e3o sobre o sacrif\u00edcio de Cristo e seus ensinamentos de amor, f\u00e9 e esperan\u00e7a.<br \/>\nA Prefeitura de Ita\u00ed convida a todos para participarem desse momento de f\u00e9 e reflex\u00e3o. Traga sua fam\u00edlia e amigos para se emocionarem juntos com a hist\u00f3ria de Jesus Cristo e vivenciarem a mensagem de amor e esperan\u00e7a que a P\u00e1scoa representa.<\/p>\n","protected":false},"excerpt":{"rendered":"<p>Na pr\u00f3xima sexta-feira, dia 29 de mar\u00e7o, \u00e0s 19 horas, o Est\u00e1dio Municipal \u201cAbsay de Almeida\u201d em Ita\u00ed ser\u00e1 palco da tradicional encena\u00e7\u00e3o da Paix\u00e3o de Cristo. Um evento grandioso que re\u00fane talentosos artistas locais e que h\u00e1 anos emociona a comunidade durante a Semana Santa. A sexta-feira Santa, tamb\u00e9m conhecida como sexta-feira da Paix\u00e3o, [&hellip;]<\/p>\n","protected":false},"author":2,"featured_media":5206,"comment_status":"open","ping_status":"open","sticky":false,"template":"","format":"standard","meta":{"footnotes":""},"categories":[51],"tags":[],"class_list":["post-5205","post","type-post","status-publish","format-standard","has-post-thumbnail","hentry","category-noticias-regionais"],"_links":{"self":[{"href":"https:\/\/sabuguinho.com.br\/site\/wp-json\/wp\/v2\/posts\/5205","targetHints":{"allow":["GET"]}}],"collection":[{"href":"https:\/\/sabuguinho.com.br\/site\/wp-json\/wp\/v2\/posts"}],"about":[{"href":"https:\/\/sabuguinho.com.br\/site\/wp-json\/wp\/v2\/types\/post"}],"author":[{"embeddable":true,"href":"https:\/\/sabuguinho.com.br\/site\/wp-json\/wp\/v2\/users\/2"}],"replies":[{"embeddable":true,"href":"https:\/\/sabuguinho.com.br\/site\/wp-json\/wp\/v2\/comments?post=5205"}],"version-history":[{"count":1,"href":"https:\/\/sabuguinho.com.br\/site\/wp-json\/wp\/v2\/posts\/5205\/revisions"}],"predecessor-version":[{"id":5207,"href":"https:\/\/sabuguinho.com.br\/site\/wp-json\/wp\/v2\/posts\/5205\/revisions\/5207"}],"wp:featuredmedia":[{"embeddable":true,"href":"https:\/\/sabuguinho.com.br\/site\/wp-json\/wp\/v2\/media\/5206"}],"wp:attachment":[{"href":"https:\/\/sabuguinho.com.br\/site\/wp-json\/wp\/v2\/media?parent=5205"}],"wp:term":[{"taxonomy":"category","embeddable":true,"href":"https:\/\/sabuguinho.com.br\/site\/wp-json\/wp\/v2\/categories?post=5205"},{"taxonomy":"post_tag","embeddable":true,"href":"https:\/\/sabuguinho.com.br\/site\/wp-json\/wp\/v2\/tags?post=5205"}],"curies":[{"name":"wp","href":"https:\/\/api.w.org\/{rel}","templated":true}]}}